{"id":1015,"date":"2022-11-28T16:25:23","date_gmt":"2022-11-28T15:25:23","guid":{"rendered":"https:\/\/caes.coop\/eu\/2022\/11\/28\/exito-del-forum-de-la-vivienda-cooperativa-en-cesion-de-uso\/"},"modified":"2023-06-08T12:31:48","modified_gmt":"2023-06-08T10:31:48","slug":"exito-del-forum-de-la-vivienda-cooperativa-en-cesion-de-uso","status":"publish","type":"post","link":"https:\/\/caes.coop\/eu\/2022\/11\/28\/exito-del-forum-de-la-vivienda-cooperativa-en-cesion-de-uso\/","title":{"rendered":"\u00c9xito del f\u00f3rum de la vivienda cooperativa en cesi\u00f3n de uso"},"content":{"rendered":"\n<figure class=\"wp-block-image size-large\"><img fetchpriority=\"high\" fetchpriority=\"high\" decoding=\"async\" width=\"1024\" height=\"570\" src=\"https:\/\/caes.coop\/wp-content\/uploads\/2023\/06\/52529538618_4682746ec4_k-1024x570.jpg\" alt=\"\" class=\"wp-image-985\" srcset=\"https:\/\/caes.coop\/wp-content\/uploads\/2023\/06\/52529538618_4682746ec4_k-980x546.jpg 980w, https:\/\/caes.coop\/wp-content\/uploads\/2023\/06\/52529538618_4682746ec4_k-480x267.jpg 480w\" sizes=\"(min-width: 0px) and (max-width: 480px) 480px, (min-width: 481px) and (max-width: 980px) 980px, (min-width: 981px) 1024px, 100vw\" \/><\/figure>\n\n\n\n<p class=\"has-medium-font-size\"><strong>M\u00e1s de 600 personas asistieron al primer <a rel=\"noreferrer noopener\" href=\"https:\/\/forum.habitatge.coop\/\" target=\"_blank\">F\u00f3rum para la vivienda cooperativa en cesi\u00f3n de uso<\/a> que se celebr\u00f3 los d\u00edas 26 y 27 de noviembre en Barcelona. Con el lema &#8220;La v\u00eda cooperativa por el derecho a la vivienda&#8221;, el F\u00f3rum fue un punto de encuentro entre grupos y proyectos de vivienda cooperativa para conocer experiencias, mostrar buenas pr\u00e1cticas, abordar retos de financiaci\u00f3n, normativos y de acceso a suelo de los proyectos. <\/strong><\/p>\n\n\n\n<p>El encuentro, organizado por la <a href=\"https:\/\/xes.cat\/comissions\/habitatge\/\" target=\"_blank\" rel=\"noreferrer noopener\">sectorial de vivienda cooperativa en cesi\u00f3n de uso de la Xarxa d&#8217;Economia Solid\u00e0ria de Catalunya (XES)<\/a>, <a href=\"http:\/\/habicoop.cat\/\" target=\"_blank\" rel=\"noreferrer noopener\">Habicoop (la Federaci\u00f3 de Cooperatives d&#8217;Habitatges de Catalunya)<\/a> y <a href=\"https:\/\/reas.red\/\" target=\"_blank\" rel=\"noreferrer noopener\">REAS Red de Redes<\/a>, ofreci\u00f3 talleres, charlas y debates para fortalecer las redes del movimiento. Participaron medio millar de personas entre proyectos, grupos, equipos t\u00e9cnicos y personas de perfil t\u00e9cnico y pol\u00edtico de distintas administraciones p\u00fablicas de todo el Estado espa\u00f1ol<\/p>\n\n\n\n<p>Desde <strong>CAES<\/strong>, una de las entidades que hemos <strong>colaborado econ\u00f3micamente <\/strong>para hacer posible el F\u00f3rum, participamos de las distintas actividades del fin de semana. Defendemos que el seguro gestionado \u00e9ticamente es una herramienta clave para la materializaci\u00f3n de los proyectos de vivienda cooperativa en cesi\u00f3n de uso. <\/p>\n\n\n\n<figure class=\"wp-block-image size-large\"><img decoding=\"async\" width=\"1024\" height=\"683\" src=\"https:\/\/caes.coop\/wp-content\/uploads\/2023\/06\/52528952721_b6ab29b91a_k-1024x683.jpg\" alt=\"\" class=\"wp-image-981\" srcset=\"https:\/\/caes.coop\/wp-content\/uploads\/2023\/06\/52528952721_b6ab29b91a_k-980x653.jpg 980w, https:\/\/caes.coop\/wp-content\/uploads\/2023\/06\/52528952721_b6ab29b91a_k-480x320.jpg 480w\" sizes=\"(min-width: 0px) and (max-width: 480px) 480px, (min-width: 481px) and (max-width: 980px) 980px, (min-width: 981px) 1024px, 100vw\" \/><figcaption class=\"wp-element-caption\">Foto: XES<\/figcaption><\/figure>\n\n\n\n<h2 class=\"wp-block-heading\">Firma de la Declaraci\u00f3n de Barcelona<\/h2>\n\n\n\n<p>La jornada del viernes, especialmente destinada a personas t\u00e9cnicas y cargos de administraciones p\u00fablicas, termin\u00f3 con la<strong> <\/strong><a href=\"https:\/\/forum.habitatge.coop\/es\/declaracion-barcelona\/\"><strong>firma de una declaraci\u00f3n<\/strong> <\/a>que recoge una serie de medidas a<strong> impulsar por diferentes administraciones locales, auton\u00f3micas y estatal para promover la vivienda cooperativa en cesi\u00f3n de uso<\/strong>. El Consejero de Territorio de la Generalitat de Catalunya, Juli Fern\u00e1ndez, y Ada Colau, la Alcaldesa de Barcelona y presidenta de la <a href=\"https:\/\/xmess.cat\/\" target=\"_blank\" rel=\"noreferrer noopener\">Red de Municipios de la Econom\u00eda Social y Solidaria (XMESS)<\/a> encabezaron la firma de la declaraci\u00f3n.<\/p>\n\n\n\n<p>Las administraciones firmantes de la <a href=\"https:\/\/forum.habitatge.coop\/es\/declaracion-barcelona\/\" target=\"_blank\" rel=\"noreferrer noopener\">Declaraci\u00f3n de Barcelona<\/a> se comprometen a trabajar por los siguientes objetivos:<\/p>\n\n\n\n<ul class=\"wp-block-list\">\n<li>Desarrollar pol\u00edticas p\u00fablicas espec\u00edficas para el cooperativismo en cesi\u00f3n de uso.&nbsp;<\/li>\n\n\n\n<li>Impulsar modificaciones legales para blindar el modelo de manera permanente.&nbsp;<\/li>\n\n\n\n<li>Ceder suelo y patrimonio p\u00fablico e impulsar la captaci\u00f3n de suelo y patrimonio.&nbsp;<\/li>\n\n\n\n<li>Promover l\u00edneas de financiaci\u00f3n y establecer bonificaciones fiscales.&nbsp;<\/li>\n\n\n\n<li>Crear l\u00edneas de garant\u00eda para facilitar el acceso a la financiaci\u00f3n privada, especialmente para la banca \u00e9tica o cooperativa.<\/li>\n<\/ul>\n\n\n\n<figure class=\"wp-block-image size-large\"><img decoding=\"async\" width=\"1024\" height=\"683\" src=\"https:\/\/caes.coop\/wp-content\/uploads\/2023\/06\/52529556740_9718f91222_k-1024x683.jpg\" alt=\"\" class=\"wp-image-989\" srcset=\"https:\/\/caes.coop\/wp-content\/uploads\/2023\/06\/52529556740_9718f91222_k-980x653.jpg 980w, https:\/\/caes.coop\/wp-content\/uploads\/2023\/06\/52529556740_9718f91222_k-480x320.jpg 480w\" sizes=\"(min-width: 0px) and (max-width: 480px) 480px, (min-width: 481px) and (max-width: 980px) 980px, (min-width: 981px) 1024px, 100vw\" \/><figcaption class=\"wp-element-caption\">Foto: XES<\/figcaption><\/figure>\n\n\n\n<h2 class=\"wp-block-heading\">Una f\u00f3rmula entre el alquiler y la compra que promueve el mercado social<\/h2>\n\n\n\n<p>La vivienda cooperativa en cesi\u00f3n de uso es un modelo con caracter\u00edsticas de la <strong>propiedad privada y el alquiler<\/strong>. La cesi\u00f3n procura la estabilidad a las personas que habitan las viviendas y facilita una mayor accesibilidad y movilidad sin cargas financieras. Esto se consigue gracias a una <strong>propiedad colectiva de la propiedad sin \u00e1nimo de lucro<\/strong>. <\/p>\n\n\n\n<p>Todo esto <strong>impide la especulaci\u00f3n y contribuye a crear un parque de vivienda m\u00e1s asequible a largo plazo<\/strong>. Se basa en la aportaci\u00f3n de un capital inicial por parte de las personas socias de alrededor de un 20% de la promoci\u00f3n, retornable en caso de salida del proyecto, y un canon mensual asimilable al alquiler, pero muy por debajo de los precios de mercado.<\/p>\n\n\n\n<p>Adem\u00e1s, la vivienda cooperativa en cesi\u00f3n de uso est\u00e1 demostrando ser un<strong> motor del mercado social<\/strong>, ya que muchos de los proyectos fomentan la contrataci\u00f3n de servicios en las cooperativas de la ESS.<\/p>\n\n\n\n<figure class=\"wp-block-image size-large\"><img loading=\"lazy\" loading=\"lazy\" decoding=\"async\" width=\"1024\" height=\"683\" src=\"https:\/\/caes.coop\/wp-content\/uploads\/2023\/06\/52528611742_f11dab5999_k-1-1024x683.jpg\" alt=\"\" class=\"wp-image-1007\" srcset=\"https:\/\/caes.coop\/wp-content\/uploads\/2023\/06\/52528611742_f11dab5999_k-1-980x653.jpg 980w, https:\/\/caes.coop\/wp-content\/uploads\/2023\/06\/52528611742_f11dab5999_k-1-480x320.jpg 480w\" sizes=\"(min-width: 0px) and (max-width: 480px) 480px, (min-width: 481px) and (max-width: 980px) 980px, (min-width: 981px) 1024px, 100vw\" \/><figcaption class=\"wp-element-caption\">Foto: XES<\/figcaption><\/figure>\n","protected":false},"excerpt":{"rendered":"<p>M\u00e1s de 600 personas asistieron al primer F\u00f3rum para la vivienda cooperativa en cesi\u00f3n de uso que se celebr\u00f3 los d\u00edas 26 y 27 de noviembre en Barcelona. Con el lema &#8220;La v\u00eda cooperativa por el derecho a la vivienda&#8221;, el F\u00f3rum fue un punto de encuentro entre grupos y proyectos de vivienda cooperativa para conocer experiencias, mostrar buenas pr\u00e1cticas, abordar retos de financiaci\u00f3n, normativos y de acceso a suelo de los proyectos. El encuentro, organizado por la sectorial de [&hellip;]<\/p>\n","protected":false},"author":4,"featured_media":1073,"comment_status":"closed","ping_status":"closed","sticky":false,"template":"","format":"standard","meta":{"_et_pb_use_builder":"off","_et_pb_old_content":"","_et_gb_content_width":"","_exactmetrics_skip_tracking":false,"_exactmetrics_sitenote_active":false,"_exactmetrics_sitenote_note":"","_exactmetrics_sitenote_category":0,"footnotes":""},"categories":[39],"tags":[121,125,127,91,40],"class_list":["post-1015","post","type-post","status-publish","format-standard","has-post-thumbnail","hentry","category-actualidad-eu","tag-economia-social-y-solidaria-eu","tag-economia-solidaria-eu","tag-ess-eu","tag-mercado-social-eu","tag-reas-eu"],"_links":{"self":[{"href":"https:\/\/caes.coop\/eu\/wp-json\/wp\/v2\/posts\/1015","targetHints":{"allow":["GET"]}}],"collection":[{"href":"https:\/\/caes.coop\/eu\/wp-json\/wp\/v2\/posts"}],"about":[{"href":"https:\/\/caes.coop\/eu\/wp-json\/wp\/v2\/types\/post"}],"author":[{"embeddable":true,"href":"https:\/\/caes.coop\/eu\/wp-json\/wp\/v2\/users\/4"}],"replies":[{"embeddable":true,"href":"https:\/\/caes.coop\/eu\/wp-json\/wp\/v2\/comments?post=1015"}],"version-history":[{"count":3,"href":"https:\/\/caes.coop\/eu\/wp-json\/wp\/v2\/posts\/1015\/revisions"}],"predecessor-version":[{"id":1069,"href":"https:\/\/caes.coop\/eu\/wp-json\/wp\/v2\/posts\/1015\/revisions\/1069"}],"wp:featuredmedia":[{"embeddable":true,"href":"https:\/\/caes.coop\/eu\/wp-json\/wp\/v2\/media\/1073"}],"wp:attachment":[{"href":"https:\/\/caes.coop\/eu\/wp-json\/wp\/v2\/media?parent=1015"}],"wp:term":[{"taxonomy":"category","embeddable":true,"href":"https:\/\/caes.coop\/eu\/wp-json\/wp\/v2\/categories?post=1015"},{"taxonomy":"post_tag","embeddable":true,"href":"https:\/\/caes.coop\/eu\/wp-json\/wp\/v2\/tags?post=1015"}],"curies":[{"name":"wp","href":"https:\/\/api.w.org\/{rel}","templated":true}]}}