{"id":1048,"date":"2022-12-12T11:44:00","date_gmt":"2022-12-12T10:44:00","guid":{"rendered":"https:\/\/caes.coop\/eu\/2022\/12\/12\/barometro-2021-los-seguros-eticos-se-consolidan-como-una-alternativa\/"},"modified":"2023-06-08T12:11:40","modified_gmt":"2023-06-08T10:11:40","slug":"barometro-2021-los-seguros-eticos-se-consolidan-como-una-alternativa","status":"publish","type":"post","link":"https:\/\/caes.coop\/eu\/2022\/12\/12\/barometro-2021-los-seguros-eticos-se-consolidan-como-una-alternativa\/","title":{"rendered":"Bar\u00f3metro 2021 Los seguros \u00e9ticos se consolidan como una alternativa"},"content":{"rendered":"\n<figure class=\"wp-block-image size-full\"><img fetchpriority=\"high\" fetchpriority=\"high\" decoding=\"async\" width=\"800\" height=\"416\" src=\"https:\/\/caes.coop\/wp-content\/uploads\/2023\/06\/barometre-2021-1-1.jpg\" alt=\"\" class=\"wp-image-1039\" srcset=\"https:\/\/caes.coop\/wp-content\/uploads\/2023\/06\/barometre-2021-1-1.jpg 800w, https:\/\/caes.coop\/wp-content\/uploads\/2023\/06\/barometre-2021-1-1-480x250.jpg 480w\" sizes=\"(min-width: 0px) and (max-width: 480px) 480px, (min-width: 481px) 800px, 100vw\" \/><\/figure>\n\n\n\n<p class=\"has-medium-font-size\"><strong>Los datos del Bar\u00f3metro de las Finanzas \u00c9ticas 2021 reflejan la tendencia al alza de las entidades de finanzas \u00e9ticas y demuestran que son \u00abactores clave para contribuir a un desarrollo sostenible\u00bb. Dentro del sistema de finanzas \u00e9ticas, el sector asegurador \u00e9tico mantiene una buena salud y ya gestiona m\u00e1s de 4,7 millones de contratos de seguros en el Estado espa\u00f1ol.<\/strong><\/p>\n\n\n\n<p>El pasado 26 de octubre, el <a rel=\"noreferrer noopener\" href=\"https:\/\/fets.org\/observatori\/?lang=es\" target=\"_blank\">Observatorio de las Finanzas \u00c9ticas<\/a> y <a rel=\"noreferrer noopener\" href=\"https:\/\/fets.org\/\" target=\"_blank\">Financiaci\u00f3n \u00c9tica y Solidaria (FETS)<\/a> presentaron una nueva edici\u00f3n del <a rel=\"noreferrer noopener\" href=\"https:\/\/fets.org\/interactius\/barometre2021\/\" target=\"_blank\">Bar\u00f3metro de las Finanzas \u00c9ticas<\/a>. Se trata de un informe anual que desde 2007 recoge <strong>el estado y la evoluci\u00f3n de las finanzas \u00e9ticas y solidarias<\/strong> en el Estado espa\u00f1ol.<\/p>\n\n\n\n<p>El <a rel=\"noreferrer noopener\" href=\"https:\/\/fets.org\/interactius\/barometre2021\/\" target=\"_blank\">Bar\u00f3metro<\/a> muestra c\u00f3mo las <strong>finanzas \u00e9ticas y solidarias mantuvieron la l\u00ednea de crecimiento <\/strong>de los a\u00f1os anteriores, a pesar del contexto social y econ\u00f3mico desfavorable de 2021 marcado por la crisis de la covid-19. Sergi Salabert, responsable del <a rel=\"noreferrer noopener\" href=\"https:\/\/fets.org\/observatori\/?lang=es\" target=\"_blank\">Observatorio<\/a>, destac\u00f3 en el informe que \u00aben el sector financiero es posible crecer sin renunciar ni a los valores ni a los principios\u00bb.<\/p>\n\n\n\n<figure class=\"wp-block-image aligncenter\"><img decoding=\"async\" src=\"https:\/\/arc.coop\/wp-content\/uploads\/2022\/12\/barometre-2021-2-1024x640.jpg\" alt=\"presentaci\u00f3n bar\u00f3metro 2021\" class=\"wp-image-192478\"\/><\/figure>\n\n\n\n<p>Por su parte, Jordi Via, presidente de <a rel=\"noreferrer noopener\" href=\"https:\/\/fets.org\/\" target=\"_blank\">FETS<\/a> y socio fundador de <a href=\"https:\/\/www.arc.coop\" target=\"_blank\" rel=\"noreferrer noopener\">Ar\u00e7 Cooperativa<\/a>, puso el acento en la estrategia de las <strong>finanzas \u00e9ticas<\/strong>, que consiste en acompa\u00f1ar y dar respuesta a la <strong>transici\u00f3n ecosocial<\/strong>. En esta l\u00ednea, resalt\u00f3 que es necesario seguir trabajando para que \u00ablos movimientos sociales perciban las finanzas \u00e9ticas como un instrumento indispensable\u00bb en su tarea transformadora.<\/p>\n\n\n\n<h3 class=\"wp-block-heading\">El sector asegurador \u00e9tico en crecimiento<\/h3>\n\n\n\n<p>El <a href=\"https:\/\/fets.org\/interactius\/barometre2021\/\" target=\"_blank\" rel=\"noreferrer noopener\">Bar\u00f3metro<\/a> muestra que en 2021 el <strong>sector asegurador \u00e9tico<\/strong> gestion\u00f3 m\u00e1s de <strong>4,7 millones de contratos de seguros<\/strong> en el Estado espa\u00f1ol. Esta cifra supone un <strong>volumen de aportaciones de casi 1.600 millones de euros<\/strong>, un porcentaje superior al<strong> 2,5&nbsp;% del total de aportaciones<\/strong> del sector asegurador.<\/p>\n\n\n\n<p>Respecto al \u00e1mbito de la mediaci\u00f3n, las <strong>corredur\u00edas de seguros \u00e9ticos<\/strong> ya gestionamos un volumen superior a los <strong>14,5 millones de euros de aportaciones<\/strong> y los <strong>24.500 contratos<\/strong>. Estas cifras suponen un incremento respecto <a href=\"https:\/\/arc.coop\/2021\/11\/10\/el-barometre-2020-mostra-la-bona-salut-del-sector-assegurador-etic\/\">al a\u00f1o anterior<\/a>.<\/p>\n\n\n\n<p>Salabert destac\u00f3 que las inversiones del sector asegurador \u00e9tico est\u00e1n concentradas, principalmente, en inversiones de renta fija. Por otra parte, las inversiones de renta variable solo suponen el 0,25&nbsp;%, ante el 7&nbsp;% del sector asegurador convencional.<\/p>\n\n\n\n<p>En la presente edici\u00f3n se ha querido dar m\u00e1s visibilidad al <a href=\"https:\/\/ethsi.net\/\" target=\"_blank\" rel=\"noreferrer noopener\">sello EthSI<\/a> <strong>de seguros \u00e9ticos y solidarios<\/strong>, incluy\u00e9ndolo como un indicador en el suplemento de experiencias y proyectos financiados que recoge el <a href=\"https:\/\/fets.org\/interactius\/barometre2021\/\" target=\"_blank\" rel=\"noreferrer noopener\">Bar\u00f3metro<\/a>.<\/p>\n","protected":false},"excerpt":{"rendered":"<p>Los datos del Bar\u00f3metro de las Finanzas \u00c9ticas 2021 reflejan la tendencia al alza de las entidades de finanzas \u00e9ticas y demuestran que son \u00abactores clave para contribuir a un desarrollo sostenible\u00bb. Dentro del sistema de finanzas \u00e9ticas, el sector asegurador \u00e9tico mantiene una buena salud y ya gestiona m\u00e1s de 4,7 millones de contratos de seguros en el Estado espa\u00f1ol. El pasado 26 de octubre, el Observatorio de las Finanzas \u00c9ticas y Financiaci\u00f3n \u00c9tica y Solidaria (FETS) presentaron una [&hellip;]<\/p>\n","protected":false},"author":4,"featured_media":1031,"comment_status":"closed","ping_status":"closed","sticky":false,"template":"","format":"standard","meta":{"_et_pb_use_builder":"off","_et_pb_old_content":"","_et_gb_content_width":"","_exactmetrics_skip_tracking":false,"_exactmetrics_sitenote_active":false,"_exactmetrics_sitenote_note":"","_exactmetrics_sitenote_category":0,"footnotes":""},"categories":[39],"tags":[49,78,86],"class_list":["post-1048","post","type-post","status-publish","format-standard","has-post-thumbnail","hentry","category-actualidad-eu","tag-ethsi-eu","tag-finanzas-eticas-eu","tag-seguro-etico-eu"],"_links":{"self":[{"href":"https:\/\/caes.coop\/eu\/wp-json\/wp\/v2\/posts\/1048","targetHints":{"allow":["GET"]}}],"collection":[{"href":"https:\/\/caes.coop\/eu\/wp-json\/wp\/v2\/posts"}],"about":[{"href":"https:\/\/caes.coop\/eu\/wp-json\/wp\/v2\/types\/post"}],"author":[{"embeddable":true,"href":"https:\/\/caes.coop\/eu\/wp-json\/wp\/v2\/users\/4"}],"replies":[{"embeddable":true,"href":"https:\/\/caes.coop\/eu\/wp-json\/wp\/v2\/comments?post=1048"}],"version-history":[{"count":1,"href":"https:\/\/caes.coop\/eu\/wp-json\/wp\/v2\/posts\/1048\/revisions"}],"predecessor-version":[{"id":1049,"href":"https:\/\/caes.coop\/eu\/wp-json\/wp\/v2\/posts\/1048\/revisions\/1049"}],"wp:featuredmedia":[{"embeddable":true,"href":"https:\/\/caes.coop\/eu\/wp-json\/wp\/v2\/media\/1031"}],"wp:attachment":[{"href":"https:\/\/caes.coop\/eu\/wp-json\/wp\/v2\/media?parent=1048"}],"wp:term":[{"taxonomy":"category","embeddable":true,"href":"https:\/\/caes.coop\/eu\/wp-json\/wp\/v2\/categories?post=1048"},{"taxonomy":"post_tag","embeddable":true,"href":"https:\/\/caes.coop\/eu\/wp-json\/wp\/v2\/tags?post=1048"}],"curies":[{"name":"wp","href":"https:\/\/api.w.org\/{rel}","templated":true}]}}