{"id":1109,"date":"2023-06-20T15:15:31","date_gmt":"2023-06-20T13:15:31","guid":{"rendered":"https:\/\/caes.coop\/eu\/2023\/06\/20\/seguros-eticos-para-impulsar-el-consumo-consciente\/"},"modified":"2023-06-20T15:45:06","modified_gmt":"2023-06-20T13:45:06","slug":"seguros-eticos-para-impulsar-el-consumo-consciente","status":"publish","type":"post","link":"https:\/\/caes.coop\/eu\/2023\/06\/20\/seguros-eticos-para-impulsar-el-consumo-consciente\/","title":{"rendered":"Seguros \u00e9ticos para impulsar el consumo consciente"},"content":{"rendered":"\n<figure class=\"wp-block-image size-full\"><img fetchpriority=\"high\" fetchpriority=\"high\" decoding=\"async\" width=\"800\" height=\"416\" src=\"https:\/\/caes.coop\/wp-content\/uploads\/2023\/06\/noticia-consum-conscient-2023.png\" alt=\"\" class=\"wp-image-1090\" srcset=\"https:\/\/caes.coop\/wp-content\/uploads\/2023\/06\/noticia-consum-conscient-2023.png 800w, https:\/\/caes.coop\/wp-content\/uploads\/2023\/06\/noticia-consum-conscient-2023-480x250.png 480w\" sizes=\"(min-width: 0px) and (max-width: 480px) 480px, (min-width: 481px) 800px, 100vw\" \/><\/figure>\n\n\n\n<p>Hoy en d\u00eda, el&nbsp;<strong>consumo<\/strong>&nbsp;se ha convertido en un acto cotidiano y a menudo&nbsp;<strong>necesario<\/strong>&nbsp;para vivir. Consumimos cuando compramos los alimentos que comemos, cuando encendemos la luz, cuando calentamos nuestro hogar o cuando pagamos con una tarjeta de cr\u00e9dito en una tienda.<\/p>\n\n\n\n<p>Pero el consumo no es un acto neutral.&nbsp;<strong>Impacta en el medio ambiente y en las personas<\/strong>&nbsp;de la empresa que hay detr\u00e1s del bien o servicio que compramos. Por eso, cada vez m\u00e1s personas adoptamos decisiones de consumo consciente para vivir en consonancia con nuestros valores y principios.<\/p>\n\n\n\n<h3 class=\"wp-block-heading\">El consumo consciente<\/h3>\n\n\n\n<p>Por&nbsp;<strong>consumo consciente<\/strong>&nbsp;nos referimos a aquellos actos de consumo que realizamos para&nbsp;<strong>satisfacer una<\/strong>&nbsp;<strong>necesidad real<\/strong>&nbsp;despu\u00e9s de habernos informado de las diferentes opciones que tenemos, escogiendo la que tiene&nbsp;<strong>un menor impacto ambiental y un mayor impacto social<\/strong>. Comer productos locales y de temporada, movernos en transporte p\u00fablico o en bici y compartir y reutilizar son algunos ejemplos.<\/p>\n\n\n\n<p>Si queremos consumir de manera m\u00e1s consciente, las entidades que promueven un consumo responsable y cr\u00edtico como&nbsp;<a href=\"https:\/\/opcions.org\/\" target=\"_blank\" rel=\"noreferrer noopener\">Opcions<\/a>&nbsp;proponen seguir<strong>&nbsp;tres claves<\/strong>&nbsp;[1]:<\/p>\n\n\n\n<ul class=\"wp-block-list\">\n<li><strong>Consumir menos:<\/strong>&nbsp;replantearnos nuestras necesidades, reparar siempre que sea posible y no consumir si no es estrictamente necesario.<\/li>\n\n\n\n<li><strong>Consumir sin comprar:<\/strong>&nbsp;intercambiar bienes y servicios y practicar el pr\u00e9stamo o el alquiler para reforzar los lazos comunitarios y la acci\u00f3n colectiva.<\/li>\n\n\n\n<li><strong>Comprar con criterio:<\/strong>&nbsp;cuando la compra es inevitable, intentaremos conocer el tipo de empresa y las caracter\u00edsticas del bien o servicio para favorecer aquellas iniciativas con un impacto m\u00e1s positivo hacia las personas, la sociedad y el medio-ambiente.<\/li>\n<\/ul>\n\n\n\n<p><strong>Comprar con criterio<\/strong>&nbsp;supone&nbsp;<strong>empoderarnos como consumidoras<\/strong>&nbsp;y ser conscientes de cu\u00e1l es la huella ambiental y social que dejan nuestras decisiones de consumo. Y es que, como defiende el colectivo&nbsp;<a href=\"https:\/\/www.carrodecombate.com\/\" target=\"_blank\" rel=\"noreferrer noopener\">Carro de Combate<\/a>&nbsp;\u00ab<strong>consumir es un acto pol\u00edtico<\/strong>, ya que con nuestras compras cotidianas estamos apoyando a las empresas que hay detr\u00e1s.\u00bb [2]<\/p>\n\n\n\n<p>Existe <a href=\"https:\/\/mercadosocial.net\/me-cambio\/\" target=\"_blank\" rel=\"noreferrer noopener\">Me Cambio<\/a>, una p\u00e1gina web promovida por la econom\u00eda solidaria y los mercados sociales que da acceso a soluciones de consumo en algunos sectores importantes de la econom\u00eda, que recoge proyectos de todos los sectores de actividad de la&nbsp;<strong>econom\u00eda solidaria<\/strong>&nbsp;para facilitar el<strong>&nbsp;consumo responsable, consciente y cr\u00edtico.<\/strong><\/p>\n\n\n\n<figure class=\"wp-block-image size-full\"><img decoding=\"async\" width=\"1024\" height=\"640\" src=\"https:\/\/caes.coop\/wp-content\/uploads\/2023\/06\/article-consum-conscient-finances.png\" alt=\"\" class=\"wp-image-1094\" srcset=\"https:\/\/caes.coop\/wp-content\/uploads\/2023\/06\/article-consum-conscient-finances.png 1024w, https:\/\/caes.coop\/wp-content\/uploads\/2023\/06\/article-consum-conscient-finances-980x613.png 980w, https:\/\/caes.coop\/wp-content\/uploads\/2023\/06\/article-consum-conscient-finances-480x300.png 480w\" sizes=\"(min-width: 0px) and (max-width: 480px) 480px, (min-width: 481px) and (max-width: 980px) 980px, (min-width: 981px) 1024px, 100vw\" \/><\/figure>\n\n\n\n<h3 class=\"wp-block-heading\">El consumo consciente en el sector financiero<\/h3>\n\n\n\n<p>Inversi\u00f3n en armamento, participaciones preferentes, rescates bancarios, hipotecas&nbsp;<em>sub-prime<\/em>, acumulaci\u00f3n de pisos vac\u00edos procedentes de desahucios,&nbsp;<em>greenwashing<\/em>\u2026 Hace muchos a\u00f1os que el sector financiero tradicional se est\u00e1 ganando a pulso la desconfianza de la ciudadan\u00eda.<\/p>\n\n\n\n<p>Ante esta realidad, \u00bfc\u00f3mo podemos depositar nuestros ahorros, pagar con tarjeta de cr\u00e9dito o contratar un seguro siguiendo unos criterios cr\u00edticos y responsables?<\/p>\n\n\n\n<p>Por suerte, existe un amplio&nbsp;<strong>ecosistema de finanzas \u00e9ticas y solidarias<\/strong>. Son iniciativas que van desde proyectos de&nbsp;<strong>ahorro comunitario<\/strong>&nbsp;a<strong>&nbsp;cooperativas de servicios financieros<\/strong>&nbsp;o&nbsp;<strong>entidades bancarias<\/strong>, entre muchas otras. Para facilitar la b\u00fasqueda,&nbsp;<a href=\"https:\/\/fets.org\/\" target=\"_blank\" rel=\"noreferrer noopener\">FETS<\/a>, Financiaci\u00f3n \u00c9tica y Solidaria cre\u00f3&nbsp;<a href=\"https:\/\/dineretic.org\/\" target=\"_blank\" rel=\"noreferrer noopener\">Dinero \u00e9tico<\/a>, un cat\u00e1logo con un amplio abanico de productos y servicios que ofrecen las entidades que operan en el sector de las finanzas \u00e9ticas. Y es que, como dice Aitziber Mugarra, profesora e investigadora de la Universidad de Deusto, \u00ab<strong>el dinero per se no es malo,<\/strong>&nbsp;lo es en todo caso el uso social que se hace de \u00e9l\u00bb. [3]<\/p>\n\n\n\n<p>Todas las entidades de las finanzas \u00e9ticas son &#8220;pr\u00e1cticas de intermediaci\u00f3n financiera que combinan&nbsp;<strong>la rentabilidad social y la gesti\u00f3n democr\u00e1tica y transparente<\/strong>&#8220;. [4] En otras palabras, son entidades que trabajan con nuestro dinero y que se basan en&nbsp;<strong>criterios \u00e9ticos<\/strong>, que incorporan valores como&nbsp;<strong>la participaci\u00f3n y la transparencia<\/strong>&nbsp;y que velan por el&nbsp;<strong>bienestar social y ambiental<\/strong>. En el Estado espa\u00f1ol, casi&nbsp;<strong>200.000 personas<\/strong>&nbsp;ya son usuarias de proyectos de entidades bancarias y para-bancarias de las finanzas \u00e9ticas. [5]<\/p>\n\n\n\n<h3 class=\"wp-block-heading\">El sello&nbsp;EthSI, un ant\u00eddoto contra la opacidad del sector asegurador<\/h3>\n\n\n\n<p>Dentro del \u00e1mbito financiero,&nbsp;<strong>los seguros<\/strong>&nbsp;son, probablemente,&nbsp;<strong>el sector m\u00e1s opaco<\/strong>&nbsp;y desconocido. Situado fuera del foco medi\u00e1tico, se calcula que la facturaci\u00f3n del sector supera el&nbsp;<strong>5% del producto interior bruto<\/strong>&nbsp;del Estado espa\u00f1ol. En otras palabras, \u00abel sector asegurador espa\u00f1ol factura m\u00e1s que los veinte pa\u00edses m\u00e1s pobres de \u00c1frica.\u00bb [6]<\/p>\n\n\n\n<p>Estos&nbsp;<strong>beneficios millonarios<\/strong>&nbsp;a menudo provienen de la&nbsp;<strong>inversi\u00f3n<\/strong>, ya que las compa\u00f1\u00edas aseguradoras tienen m\u00fasculo financiero para invertir grandes cantidades de dinero. Con estas inversiones, que solo en el Estado espa\u00f1ol superan los 300.000 millones de euros, las entidades a menudo buscan la m\u00e1xima rentabilidad. [5] Esto lleva muchas compa\u00f1\u00edas aseguradoras a fijarse en negocios poco \u00e9ticos y cuestionables. El 2020, el&nbsp;<a href=\"https:\/\/centredelas.org\/\">Centro Del\u00e0s de Estudios por la Paz<\/a>&nbsp;identific\u00f3&nbsp;<a href=\"https:\/\/arc.coop\/2020\/09\/24\/el-centre-delas-incorpora-les-assegurances-a-linforme-sobre-banca-armada\/\" target=\"_blank\" rel=\"noreferrer noopener\">24 aseguradoras que operan en el Estado espa\u00f1ol vinculadas con la industria armamentista.<\/a>&nbsp;[7]<\/p>\n\n\n\n<p>Con el objetivo de reivindicar una mirada \u00e9tica y una voluntad transformadora que ya ten\u00edamos incorporadas algunas corredur\u00edas y entidades aseguradoras, el 2007 el&nbsp;<a rel=\"noreferrer noopener\" href=\"https:\/\/fets.org\/observatori\/?lang=es\" target=\"_blank\">Observatorio de las Finanzas \u00c9ticas<\/a>, un espacio promovido y coordinado por FETS, cre\u00f3 el&nbsp;<a href=\"https:\/\/ethsi.net\/\"><strong>sello EthSI (Ethical and Solidarity Based Insurance)<\/strong><\/a>. Esta certificaci\u00f3n nos permite identificar aquellas<strong>&nbsp;entidades m\u00e1s transparentes<\/strong>, que disponen de&nbsp;<strong>pol\u00edticas de responsabilidad hacia la comunidad y el territorio<\/strong>&nbsp;y pol\u00edticas de inversiones con un&nbsp;<strong>impacto positivo en la econom\u00eda y el medio-ambiente<\/strong>. De este modo, el sello permite avanzar en el despliegue del <a href=\"https:\/\/caes.coop\/eu\/aseguru-etiko\/\">seguro \u00e9tico y solidario<\/a>.<\/p>\n\n\n\n<figure class=\"wp-block-image size-full\"><img decoding=\"async\" width=\"1024\" height=\"580\" src=\"https:\/\/caes.coop\/wp-content\/uploads\/2023\/06\/ethsi-seguro-etico-web.jpg\" alt=\"\" class=\"wp-image-1098\" srcset=\"https:\/\/caes.coop\/wp-content\/uploads\/2023\/06\/ethsi-seguro-etico-web.jpg 1024w, https:\/\/caes.coop\/wp-content\/uploads\/2023\/06\/ethsi-seguro-etico-web-980x555.jpg 980w, https:\/\/caes.coop\/wp-content\/uploads\/2023\/06\/ethsi-seguro-etico-web-480x272.jpg 480w\" sizes=\"(min-width: 0px) and (max-width: 480px) 480px, (min-width: 481px) and (max-width: 980px) 980px, (min-width: 981px) 1024px, 100vw\" \/><\/figure>\n\n\n\n<h3 class=\"wp-block-heading\">Las buenas pr\u00e1cticas del seguro \u00e9tico<\/h3>\n\n\n\n<p>El&nbsp;<a href=\"https:\/\/fets.org\/observatori\/barometre\/\">Bar\u00f3metro de las Finanzas \u00c9ticas<\/a>&nbsp;recoge algunas de las&nbsp;<strong>buenas pr\u00e1cticas del sector asegurador \u00e9tico<\/strong>. Por poner solo algunos ejemplos, en las entidades acreditadas con el&nbsp;<strong>sello EthSI<\/strong>, el<strong>&nbsp;55%<\/strong>&nbsp;de los&nbsp;<strong>cargos directivos<\/strong>&nbsp;est\u00e1n ocupados por&nbsp;<strong>mujeres<\/strong>, cifra que disminuye hasta el 30% en las entidades convencionales. En el caso de la&nbsp;<strong>igualdad salarial<\/strong>&nbsp;en las corredur\u00edas \u00e9ticas \u2013 la diferencia entre los sueldos m\u00e1s alto y m\u00e1s bajo de una plantilla \u2013 se sit\u00faa por<strong>&nbsp;debajo de 1 sobre 4<\/strong>&nbsp;de media. [5]<\/p>\n\n\n\n<p>En cuanto a las&nbsp;<strong>inversiones<\/strong>, las entidades de seguros acreditados han incorporado&nbsp;<strong>criterios \u00e9ticos<\/strong>&nbsp;de control. De este modo, en lugar de invertir en empresas armamentistas o vinculadas a los combustibles f\u00f3siles o a los juegos de azar, se buscan inversiones que repercutan positivamente en las personas, las comunidades y el territorio.<\/p>\n\n\n\n<p>En el caso de CAES, las corredur\u00edas de seguros&nbsp;<strong><a rel=\"noreferrer noopener\" href=\"https:\/\/www.seryes.com\/\" target=\"_blank\">SERYES<\/a> <\/strong>y <strong><a rel=\"noreferrer noopener\" href=\"https:\/\/arc.coop\/\" target=\"_blank\">Ar\u00e7 Cooperativa<\/a><\/strong>&nbsp;son actualmente las dos entidades mediadoras de seguros certificadas con el <strong>m\u00e1ximo grado de aplicaci\u00f3n del sello EthSI.<\/strong> Esto significa que un&nbsp;<a rel=\"noreferrer noopener\" href=\"https:\/\/ethsi.net\/comite-avaluador\/\" target=\"_blank\">comit\u00e9 evaluador independiente<\/a>&nbsp;ha comprobado que tenemos una responsabilidad hacia la comunidad y el territorio; unas pr\u00e1cticas de equidad y transparencia; una responsabilidad econ\u00f3mica, ambiental y laboral; una gobernanza democr\u00e1tica; que funcionamos seg\u00fan un criterio \u00e9tico; que somos entidades usuarias de la banca \u00e9tica; y que tenemos una pol\u00edtica de inversiones responsable y \u00e9tica. <\/p>\n\n\n\n<p>En resumen, el&nbsp;<strong>sello EthSI<\/strong>&nbsp;es una herramienta que nos permite conocer el&nbsp;<strong>grado de transparencia y buenas pr\u00e1cticas<\/strong>&nbsp;de las corredur\u00edas, las mutualidades y las compa\u00f1\u00edas de seguros. De este modo, las consumidoras podemos adquirir un seguro que se ajuste a&nbsp;<strong>nuestros valores<\/strong>. As\u00ed, al escoger un seguro con una entidad certificada contribuimos a revertir la especulaci\u00f3n financiera, frenar la industria armamentista, promover los valores de la econom\u00eda social y solidaria y recuperar la funci\u00f3n social del seguro.<\/p>\n\n\n\n<h3 class=\"wp-block-heading\">Referencias:<\/h3>\n\n\n\n<p>[1] Tresserra, Laia (gener de 2019): \u00abLes 3 claus del consum conscient\u00bb.&nbsp;<em>Opcions<\/em>.&nbsp;<a href=\"https:\/\/opcions.org\/3-claus-del-consum-conscient\">https:\/\/opcions.org\/3-claus-del-consum-conscient&nbsp;<\/a><\/p>\n\n\n\n<p>[2] Carro de Combate: \u00ab\u00bfPor qu\u00e9 Carro de Combate\u00bb.&nbsp;<em>Carro de Combate.<\/em>&nbsp;<a href=\"https:\/\/www.carrodecombate.com\/por-que-carro-de-combate\/\">https:\/\/www.carrodecombate.com\/por-que-carro-de-combate\/<\/a><\/p>\n\n\n\n<p>[3] Opcions: (primavera\/estiu de 202): \u00abEntrevista a Aitzibier Mugarra\u00bb.&nbsp;<em>Quadern 58 \u2013 On van els nostres diners?<\/em>&nbsp;<a href=\"https:\/\/opcions.org\/hemeroteca\/num-58-finances-etiques\/\">https:\/\/opcions.org\/hemeroteca\/num-58-finances-etiques\/<\/a><\/p>\n\n\n\n<p>[4] Grup ECOS (novembre de 2016): \u00abLes finances \u00e8tiques, un sector en creixement\u00bb.&nbsp;<em>Finances \u00e8tiques al dia<\/em>.&nbsp;<a href=\"https:\/\/grupecos.coop\/wp-content\/uploads\/2017\/11\/ecostransformadors2-web.pdf\">https:\/\/grupecos.coop\/wp-content\/uploads\/2017\/11\/ecostransformadors2-web.pdf<\/a><\/p>\n\n\n\n<p>[5] Observatori de les Finances \u00c8tiques (2022): \u00abBar\u00f2metre de les Finances \u00c8tiques 2021. Una radiografia del sector a l\u2019Estat espanyol\u00bb&nbsp;<a href=\"https:\/\/fets.org\/observatori\/barometre\/\">https:\/\/fets.org\/observatori\/barometre\/<\/a><\/p>\n\n\n\n<p>[6] Santos Cardosa, Gerard: (primavera\/estiu de 202): \u00abEl negoci de les assegurances: l\u2019ombra i l\u2019\u00e8tica\u00bb.&nbsp;<em>Quadern 58 \u2013 On van els nostres diners?<\/em>&nbsp;<a href=\"https:\/\/opcions.org\/hemeroteca\/num-58-finances-etiques\/\">https:\/\/opcions.org\/hemeroteca\/num-58-finances-etiques\/<\/a><\/p>\n\n\n\n<p>[7] Centre Del\u00e0s d\u2019Estudis per la Pau (setembre de 2020): \u00abAssegurances i fons de pensions que financen empreses d\u2019armes\u00bb.&nbsp;<a href=\"https:\/\/centredelas.org\/wp-content\/uploads\/2020\/09\/informe45_BancaAsseguradoresArmades_CAT_DEF.pdf\">https:\/\/centredelas.org\/wp-content\/uploads\/2020\/09\/informe45_BancaAsseguradoresArmades_CAT_DEF.pdf<\/a><\/p>\n","protected":false},"excerpt":{"rendered":"<p>Hoy en d\u00eda, el&nbsp;consumo&nbsp;se ha convertido en un acto cotidiano y a menudo&nbsp;necesario&nbsp;para vivir. Consumimos cuando compramos los alimentos que comemos, cuando encendemos la luz, cuando calentamos nuestro hogar o cuando pagamos con una tarjeta de cr\u00e9dito en una tienda. Pero el consumo no es un acto neutral.&nbsp;Impacta en el medio ambiente y en las personas&nbsp;de la empresa que hay detr\u00e1s del bien o servicio que compramos. Por eso, cada vez m\u00e1s personas adoptamos decisiones de consumo consciente para vivir [&hellip;]<\/p>\n","protected":false},"author":4,"featured_media":1091,"comment_status":"closed","ping_status":"closed","sticky":false,"template":"","format":"standard","meta":{"_et_pb_use_builder":"off","_et_pb_old_content":"","_et_gb_content_width":"","_exactmetrics_skip_tracking":false,"_exactmetrics_sitenote_active":false,"_exactmetrics_sitenote_note":"","_exactmetrics_sitenote_category":0,"footnotes":""},"categories":[75,76,30],"tags":[49,78,86],"class_list":["post-1109","post","type-post","status-publish","format-standard","has-post-thumbnail","hentry","category-consumo-responsable-eu","category-finanzas-eticas-eu","category-seguros-eticos-eu","tag-ethsi-eu","tag-finanzas-eticas-eu","tag-seguro-etico-eu"],"_links":{"self":[{"href":"https:\/\/caes.coop\/eu\/wp-json\/wp\/v2\/posts\/1109","targetHints":{"allow":["GET"]}}],"collection":[{"href":"https:\/\/caes.coop\/eu\/wp-json\/wp\/v2\/posts"}],"about":[{"href":"https:\/\/caes.coop\/eu\/wp-json\/wp\/v2\/types\/post"}],"author":[{"embeddable":true,"href":"https:\/\/caes.coop\/eu\/wp-json\/wp\/v2\/users\/4"}],"replies":[{"embeddable":true,"href":"https:\/\/caes.coop\/eu\/wp-json\/wp\/v2\/comments?post=1109"}],"version-history":[{"count":1,"href":"https:\/\/caes.coop\/eu\/wp-json\/wp\/v2\/posts\/1109\/revisions"}],"predecessor-version":[{"id":1110,"href":"https:\/\/caes.coop\/eu\/wp-json\/wp\/v2\/posts\/1109\/revisions\/1110"}],"wp:featuredmedia":[{"embeddable":true,"href":"https:\/\/caes.coop\/eu\/wp-json\/wp\/v2\/media\/1091"}],"wp:attachment":[{"href":"https:\/\/caes.coop\/eu\/wp-json\/wp\/v2\/media?parent=1109"}],"wp:term":[{"taxonomy":"category","embeddable":true,"href":"https:\/\/caes.coop\/eu\/wp-json\/wp\/v2\/categories?post=1109"},{"taxonomy":"post_tag","embeddable":true,"href":"https:\/\/caes.coop\/eu\/wp-json\/wp\/v2\/tags?post=1109"}],"curies":[{"name":"wp","href":"https:\/\/api.w.org\/{rel}","templated":true}]}}