{"id":1130,"date":"2023-06-21T12:01:00","date_gmt":"2023-06-21T10:01:00","guid":{"rendered":"https:\/\/caes.coop\/eu\/2023\/06\/21\/hola-democracia-tenemosquehablar\/"},"modified":"2024-02-20T09:19:36","modified_gmt":"2024-02-20T08:19:36","slug":"hola-democracia-tenemosquehablar","status":"publish","type":"post","link":"https:\/\/caes.coop\/eu\/2023\/06\/21\/hola-democracia-tenemosquehablar\/","title":{"rendered":"Hola Democracia: #TenemosQueHablar"},"content":{"rendered":"\n<figure class=\"wp-block-image size-full\"><img fetchpriority=\"high\" fetchpriority=\"high\" decoding=\"async\" width=\"800\" height=\"416\" src=\"https:\/\/caes.coop\/wp-content\/uploads\/2023\/06\/TenemosQueHablar-web-1.jpg\" alt=\"\" class=\"wp-image-1083\" srcset=\"https:\/\/caes.coop\/wp-content\/uploads\/2023\/06\/TenemosQueHablar-web-1.jpg 800w, https:\/\/caes.coop\/wp-content\/uploads\/2023\/06\/TenemosQueHablar-web-1-480x250.jpg 480w\" sizes=\"(min-width: 0px) and (max-width: 480px) 480px, (min-width: 481px) 800px, 100vw\" \/><\/figure>\n\n\n\n<p class=\"has-medium-font-size\"><strong>Ante la convocatoria electoral del 23 de julio, diferentes organizaciones sociales y personas vinculadas a los movimientos sociales y la econom\u00eda solidaria de todo el Estado espa\u00f1ol ponemos en marcha la campa\u00f1a #TenemosQueHablar.<\/strong><\/p>\n\n\n\n<p class=\"has-medium-font-size\"><strong>El objetivo de la iniciativa es articular un marco compartido para las propuestas y los debates pol\u00edticos ante la crisis social y ecol\u00f3gica que vivimos.<\/strong><\/p>\n\n\n\n<p class=\"has-medium-font-size\"><strong>Desde CAES apoyamos esta campa\u00f1a impulsada <strong>por REAS Red de Redes, Oxfam Interm\u00f3n, ATTAC, Futuro en Com\u00fan y Ecologistas en Acci\u00f3n<\/strong> y animamos a personas y entidades a firmar y compartir la carta.<\/strong><\/p>\n\n\n\n<p>S\u00ed, tenemos que hablar. Mejorar lo nuestro. Recuperar la ilusi\u00f3n. Hablar de lo importante, de lo que realmente impacta en las vidas y el bienestar de las personas y del planeta, que se va descuidando y deteriorando cada vez m\u00e1s. Tenemos elecciones en breve, y votar es importante, pero la democracia ha de ir m\u00e1s all\u00e1; somos capaces.<\/p>\n\n\n\n<p>Cada vez urge m\u00e1s que abordemos lo importante, a pesar de que los debates electorales lo dificultan, ya que pocas veces se centran en los verdaderos retos que enfrentamos como humanidad: las enormes y crecientes desigualdades, la exclusi\u00f3n en la que viven ciertos sectores -cada vez m\u00e1s crecientes- o la crisis ecol\u00f3gica y el sufrimiento que provoca y provocar\u00e1.<\/p>\n\n\n\n<p>Adem\u00e1s, tenemos que saber dar la vuelta a este contexto de desinformaci\u00f3n y de crispaci\u00f3n que genera polarizaci\u00f3n social y culpabiliza a quienes denuncian las causas de los problemas: migrantes, ecologistas, feministas, movimientos de vivienda y resto de movimientos sociales, que est\u00e1n siendo por ello diana de la extrema derecha y de medios de comunicaci\u00f3n.<\/p>\n\n\n\n<p>El modelo econ\u00f3mico tambi\u00e9n nos aleja porque, mientras la ciudadan\u00eda vota cada cuatro a\u00f1os, los grandes capitales lo hacen todos los d\u00edas a trav\u00e9s de los mercados. Las grandes empresas acumulan cada d\u00eda m\u00e1s riqueza y poder, mientras siguen esquilmando la naturaleza, anteponiendo pagar dividendos a sus accionistas al bienestar social, modificando o diluyendo propuestas legislativas mediante la presi\u00f3n institucional o decantando la opini\u00f3n p\u00fablica hacia sus intereses.<\/p>\n\n\n\n<p>Por eso, s\u00ed, adem\u00e1s de votar deber\u00edamos hablar de temas que nos afectan y que se est\u00e1n quedando fuera de nuestras conversaciones. Sin duda, tenemos que hablar porque nos puede ir mucho mejor.<\/p>\n\n\n\n<p><a href=\"https:\/\/tenemosquehablar.site\/\" target=\"_blank\" rel=\"noreferrer noopener\">#TenemosQueHablar<\/a> de la crisis ecol\u00f3gica porque estamos hipotecando nuestra vida. Toda propuesta que no contemple este problema, basada en la evidencia cient\u00edfica, no puede tener cabida. Queremos so\u00f1ar mundos mejores, pero desde el realismo que nos imponen los l\u00edmites del planeta. <strong><a href=\"https:\/\/tenemosquehablar.site\/\" target=\"_blank\" rel=\"noreferrer noopener\">#TenemosQueHablar<\/a><\/strong><strong>&nbsp;de una transici\u00f3n ecol\u00f3gica real&nbsp;<\/strong>frente a la emergencia clim\u00e1tica, a la p\u00e9rdida de biodiversidad y de la naturaleza de la que nuestra vida depende.<\/p>\n\n\n\n<p><a href=\"https:\/\/tenemosquehablar.site\/\" target=\"_blank\" rel=\"noreferrer noopener\">#TenemosQueHablar<\/a> de las desigualdades sociales y de c\u00f3mo se est\u00e1n acentuando. En un mundo con cada vez menos disponibilidad de recursos, hay una \u00e9lite que los est\u00e1 acaparando mientras el resto de la poblaci\u00f3n no puede acceder a lo m\u00e1s b\u00e1sico. <strong><a href=\"https:\/\/tenemosquehablar.site\/\" target=\"_blank\" rel=\"noreferrer noopener\">#TenemosQueHablar<\/a><\/strong><strong>&nbsp;de justicia econ\u00f3mica y social<\/strong>, de justicia fiscal, de rentas b\u00e1sicas, de reparto del trabajo, de acceso a vivienda y suministros y de servicios p\u00fablicos de calidad que promuevan la igualdad de condiciones y coloquen los cuidados en el centro del sistema, promoviendo su reparto y la corresponsabilidad.<\/p>\n\n\n\n<p><a href=\"https:\/\/tenemosquehablar.site\/\" target=\"_blank\" rel=\"noreferrer noopener\">#TenemosQueHablar<\/a> de que muchas personas carecen de libertad para elegir trabajo, lugar de residencia, c\u00f3mo alimentarse, con qui\u00e9n vivir, qu\u00e9 modelo familiar escoger, cu\u00e1ndo calentarse, c\u00f3mo disfrutar del ocio o c\u00f3mo acceder a la informaci\u00f3n. <strong><a href=\"https:\/\/tenemosquehablar.site\/\" target=\"_blank\" rel=\"noreferrer noopener\">#TenemosQueHablar<\/a><\/strong><strong>&nbsp;de libertad&nbsp;<\/strong>para todas las personas, especialmente ante la falta de libertad y de reconocimiento de derechos que sufren sobre todo personas migrantes, racializadas, de clases empobrecidas, quienes viven en el medio rural, mujeres o personas trans.<\/p>\n\n\n\n<p><a href=\"https:\/\/tenemosquehablar.site\/\" target=\"_blank\" rel=\"noreferrer noopener\">#TenemosQueHablar<\/a> de la violencia internacional que sigue financiando la guerra en un momento en el que debemos afrontar conjuntamente un problema global para evitar el sufrimiento y las migraciones forzadas. <strong><a href=\"https:\/\/tenemosquehablar.site\/\" target=\"_blank\" rel=\"noreferrer noopener\">#TenemosQueHablar<\/a><\/strong><strong>&nbsp;de cultura de paz, de solidaridad internacional&nbsp;<\/strong>y poner fin a la deuda de siglos de expolio y colonizaci\u00f3n, en una verdadera apuesta por el di\u00e1logo y la defensa de los Derechos Humanos.<\/p>\n\n\n\n<p><a href=\"https:\/\/tenemosquehablar.site\/\" target=\"_blank\" rel=\"noreferrer noopener\">#TenemosQueHablar<\/a> del modelo econ\u00f3mico, porque cada vez es m\u00e1s evidente que mientras siga rigi\u00e9ndose por dos normas \u2014el crecimiento del PIB y la maximizaci\u00f3n del beneficio de las empresas\u2014 no hay forma de frenar la devastaci\u00f3n planetaria ni la precariedad, la p\u00e9rdida del peque\u00f1o comercio o de la agricultura y ganader\u00eda familiar.&nbsp; <strong><a href=\"https:\/\/tenemosquehablar.site\/\" target=\"_blank\" rel=\"noreferrer noopener\">#TenemosQueHablar<\/a> de un nuevo modelo econ\u00f3mico social y solidario, <\/strong>que abandone la senda del crecimiento ilimitado y redistribuya bajo criterios de justicia y viabilidad en el marco de los l\u00edmites del planeta.<\/p>\n\n\n\n<p>Y <a href=\"https:\/\/tenemosquehablar.site\/\" target=\"_blank\" rel=\"noreferrer noopener\">#TenemosQueHablar<\/a> de democracia porque no puede funcionar correctamente si la informaci\u00f3n es tendenciosa, si no hay canales adecuados de participaci\u00f3n o si se criminaliza la protesta. <strong><a href=\"https:\/\/tenemosquehablar.site\/\" target=\"_blank\" rel=\"noreferrer noopener\">#TenemosQueHablar<\/a><\/strong><strong>&nbsp;de una profundizaci\u00f3n democr\u00e1tica<\/strong>&nbsp;que rompa con la polarizaci\u00f3n social y que permita a la ciudadan\u00eda mayores niveles de participaci\u00f3n en la vida pol\u00edtica que la que nos abre el actual sistema cada cuatro a\u00f1os.<\/p>\n\n\n\n<p>Como ves, son muchos los temas que nos afectan y que estamos dejando de lado, ocultos en falsas promesas que nunca se cumplen cuando no se obvian directamente como si no nos fuera la vida en ello.<\/p>\n\n\n\n<p>Democracia, <a href=\"https:\/\/tenemosquehablar.site\/\" target=\"_blank\" rel=\"noreferrer noopener\">#TenemosQueHablar<\/a>, queremos hacerlo. Somos grupos feministas, empresas de econom\u00eda social y solidaria, ONGD, colectivos ecologistas, antirracistas, movimientos por el derecho a la vivienda y a los suministros b\u00e1sicos, y diversos movimientos sociales, vecinales que decimos que <strong>m\u00e1s all\u00e1 de votar, queremos democracia, y para eso queremos cambiar el modelo econ\u00f3mico, pol\u00edtico y social.<\/strong><\/p>\n\n\n\n<p>Nos sabemos diferentes y albergamos diversidad pero nos une este objetivo com\u00fan. Nos juntamos sabiendo que nuestra lucha va m\u00e1s all\u00e1 de las elecciones, supone una alianza para trabajar en el d\u00eda a d\u00eda, a largo plazo, por conseguir este objetivo. Sabemos que solo la unidad podremos afrontar con la determinaci\u00f3n y seriedad que conllevan las m\u00faltiples crisis que enfrentamos.<\/p>\n\n\n\n<p>Y vamos a poner toda nuestra ilusi\u00f3n.<\/p>\n","protected":false},"excerpt":{"rendered":"<p>Ante la convocatoria electoral del 23 de julio, diferentes organizaciones sociales y personas vinculadas a los movimientos sociales y la econom\u00eda solidaria de todo el Estado espa\u00f1ol ponemos en marcha la campa\u00f1a #TenemosQueHablar. El objetivo de la iniciativa es articular un marco compartido para las propuestas y los debates pol\u00edticos ante la crisis social y ecol\u00f3gica que vivimos. Desde CAES apoyamos esta campa\u00f1a impulsada por REAS Red de Redes, Oxfam Interm\u00f3n, ATTAC, Futuro en Com\u00fan y Ecologistas en Acci\u00f3n y [&hellip;]<\/p>\n","protected":false},"author":4,"featured_media":1080,"comment_status":"closed","ping_status":"closed","sticky":false,"template":"","format":"standard","meta":{"_et_pb_use_builder":"off","_et_pb_old_content":"","_et_gb_content_width":"","_exactmetrics_skip_tracking":false,"_exactmetrics_sitenote_active":false,"_exactmetrics_sitenote_note":"","_exactmetrics_sitenote_category":0,"footnotes":""},"categories":[39],"tags":[125,127,40],"class_list":["post-1130","post","type-post","status-publish","format-standard","has-post-thumbnail","hentry","category-actualidad-eu","tag-economia-solidaria-eu","tag-ess-eu","tag-reas-eu"],"_links":{"self":[{"href":"https:\/\/caes.coop\/eu\/wp-json\/wp\/v2\/posts\/1130","targetHints":{"allow":["GET"]}}],"collection":[{"href":"https:\/\/caes.coop\/eu\/wp-json\/wp\/v2\/posts"}],"about":[{"href":"https:\/\/caes.coop\/eu\/wp-json\/wp\/v2\/types\/post"}],"author":[{"embeddable":true,"href":"https:\/\/caes.coop\/eu\/wp-json\/wp\/v2\/users\/4"}],"replies":[{"embeddable":true,"href":"https:\/\/caes.coop\/eu\/wp-json\/wp\/v2\/comments?post=1130"}],"version-history":[{"count":2,"href":"https:\/\/caes.coop\/eu\/wp-json\/wp\/v2\/posts\/1130\/revisions"}],"predecessor-version":[{"id":1138,"href":"https:\/\/caes.coop\/eu\/wp-json\/wp\/v2\/posts\/1130\/revisions\/1138"}],"wp:featuredmedia":[{"embeddable":true,"href":"https:\/\/caes.coop\/eu\/wp-json\/wp\/v2\/media\/1080"}],"wp:attachment":[{"href":"https:\/\/caes.coop\/eu\/wp-json\/wp\/v2\/media?parent=1130"}],"wp:term":[{"taxonomy":"category","embeddable":true,"href":"https:\/\/caes.coop\/eu\/wp-json\/wp\/v2\/categories?post=1130"},{"taxonomy":"post_tag","embeddable":true,"href":"https:\/\/caes.coop\/eu\/wp-json\/wp\/v2\/tags?post=1130"}],"curies":[{"name":"wp","href":"https:\/\/api.w.org\/{rel}","templated":true}]}}