{"id":1300,"date":"2023-10-04T10:29:30","date_gmt":"2023-10-04T08:29:30","guid":{"rendered":"https:\/\/caes.coop\/eu\/2023\/10\/04\/finanzas-eticas-al-servicio-de-una-transicion-ecologica-justa-y-democratica\/"},"modified":"2023-10-04T10:41:47","modified_gmt":"2023-10-04T08:41:47","slug":"finanzas-eticas-al-servicio-de-una-transicion-ecologica-justa-y-democratica","status":"publish","type":"post","link":"https:\/\/caes.coop\/eu\/2023\/10\/04\/finanzas-eticas-al-servicio-de-una-transicion-ecologica-justa-y-democratica\/","title":{"rendered":"Finanzas \u00e9ticas al servicio de una transici\u00f3n ecol\u00f3gica, justa y democr\u00e1tica"},"content":{"rendered":"\n<figure class=\"wp-block-image size-full\"><img fetchpriority=\"high\" fetchpriority=\"high\" decoding=\"async\" width=\"800\" height=\"416\" src=\"https:\/\/caes.coop\/wp-content\/uploads\/2023\/10\/oferta-laboral-2021-copia.jpg\" alt=\"\" class=\"wp-image-1275\" srcset=\"https:\/\/caes.coop\/wp-content\/uploads\/2023\/10\/oferta-laboral-2021-copia.jpg 800w, https:\/\/caes.coop\/wp-content\/uploads\/2023\/10\/oferta-laboral-2021-copia-480x250.jpg 480w\" sizes=\"(min-width: 0px) and (max-width: 480px) 480px, (min-width: 481px) 800px, 100vw\" \/><\/figure>\n\n\n\n<p class=\"has-text-align-right\"><em>Art\u00edculo publicado originalmente en&nbsp;<a rel=\"noreferrer noopener\" href=\"https:\/\/www.energias-renovables.com\/panorama\/finanzas-eticas-al-20230921\" target=\"_blank\">Energ\u00edas Renovables<\/a><\/em><\/p>\n\n\n\n<h2 class=\"wp-block-heading has-text-align-center has-medium-font-size\"><strong>La emergencia clim\u00e1tica y el agotamiento de los recursos f\u00f3siles han precipitado una transici\u00f3n energ\u00e9tica con importantes implicaciones en los modelos de producci\u00f3n, distribuci\u00f3n y consumo de la energ\u00eda. Mientras las grandes empresas y los grupos financieros que han contribuido al calentamiento global est\u00e1n volcadas en controlar el sector de las renovables, ciudadan\u00eda, comunidades de vecinos, asociaciones y cooperativas est\u00e1n creando alianzas bajo el paraguas de las comunidades energ\u00e9ticas para desempe\u00f1ar un rol protagonista en la producci\u00f3n y la distribuci\u00f3n de la energ\u00eda. \u00bfQu\u00e9 papel pueden jugar las entidades de las finanzas \u00e9ticas en la consolidaci\u00f3n de un movimiento ciudadano basado en el empoderamiento, la propiedad colectiva y la democratizaci\u00f3n de la energ\u00eda?<\/strong><\/h2>\n\n\n\n<p class=\"has-text-align-right\">Clara Soler Roig y Albert Castillo i Sampedro*<\/p>\n\n\n\n<p>Estos \u00faltimos a\u00f1os, la ciudadan\u00eda organizada, los grupos ecologistas, los movimientos sociales y la econom\u00eda solidaria se est\u00e1n organizando para promover que la necesaria&nbsp;<strong>transici\u00f3n ecol\u00f3gica se haga siguiendo criterios de justicia social y democracia econ\u00f3mica<\/strong>. Proponen que los cambios que debemos implementar como sociedad para que las actividades humanas no pongan en peligro la sostenibilidad del planeta deben ir en paralelo con la erradicaci\u00f3n de la pobreza y las desigualdades sociales, situando la sostenibilidad de la vida como el objetivo prioritario.<\/p>\n\n\n\n<p>Las&nbsp;<strong>comunidades energ\u00e9ticas<\/strong>&nbsp;son un ejemplo paradigm\u00e1tico de esta transici\u00f3n ecol\u00f3gica justa y democr\u00e1tica. Nacidas de la voluntad y determinaci\u00f3n de grupos de personas para organizarse de forma&nbsp;<strong>democr\u00e1tica y autogestionada<\/strong>, proponen un&nbsp;<strong>sistema energ\u00e9tico sostenible<\/strong>&nbsp;al servicio del&nbsp;<strong>bien com\u00fan<\/strong>. Son propuestas colectivas basadas en la obtenci\u00f3n de energ\u00eda de una fuente de origen renovable para el autoconsumo. De este modo, las consumidoras pueden acceder a una energ\u00eda limpia, de la cual son copropietarias, a un precio m\u00e1s justo.<\/p>\n\n\n\n<h2 class=\"wp-block-heading\"><strong>El compromiso de la econom\u00eda solidaria con las comunidades energ\u00e9ticas<\/strong><\/h2>\n\n\n\n<p>Las comunidades energ\u00e9ticas comparten su ADN con el movimiento de la&nbsp;<strong>econom\u00eda solidaria<\/strong>&nbsp;basado en la equidad, la sostenibilidad ecol\u00f3gica, la cooperaci\u00f3n, el reparto justo de la riqueza y el compromiso con el entorno. No es casualidad que muchas de las iniciativas que promueven la creaci\u00f3n de comunidades energ\u00e9ticas nazcan de cooperativas y entidades de la econom\u00eda solidaria.<\/p>\n\n\n\n<figure class=\"wp-block-image size-full is-resized\"><img decoding=\"async\" src=\"https:\/\/caes.coop\/wp-content\/uploads\/2023\/10\/Primer-encuentro-de-comunidades-energeticas-Som-Comunitats-1-scaled-e1696318883157-1024x683-1.jpg\" alt=\"\" class=\"wp-image-1280\" width=\"823\" height=\"548\"\/><figcaption class=\"wp-element-caption\">Primer encuentro de comunidades energ\u00e9ticas de l\u2019economia social y solidaria de Som Comunitats<\/figcaption><\/figure>\n\n\n\n<p>En Catalu\u00f1a,&nbsp;<strong><a href=\"https:\/\/somcomunitats.coop\/\" target=\"_blank\" rel=\"noreferrer noopener\">Som Comunitats<\/a><\/strong>&nbsp;es una alianza entre siete entidades y cooperativas de la econom\u00eda social y solidaria para fomentar la creaci\u00f3n de comunidades energ\u00e9ticas desde los principios \u00e9ticos y solidarios. Seg\u00fan&nbsp;<strong>Francesc Casadell\u00e0<\/strong>, miembro del equipo de Som Comunitats, \u201cla transici\u00f3n energ\u00e9tica no se basa solo en la descarbonizaci\u00f3n del sistema, sino que tambi\u00e9n queremos democratizar el acceso y el uso energ\u00e9tico, apostando por una propiedad colectiva y no dejar a nadie fuera\u201d. La plataforma ha acompa\u00f1ado a unas sesenta comunidades energ\u00e9ticas repartidas por toda la Pen\u00ednsula Ib\u00e9rica, Baleares y Canarias. Actualmente, est\u00e1n trabajando para poder ayudar a la creaci\u00f3n de m\u00e1s de 1.000 comunidades, una en cada municipio y barrio de Catalu\u00f1a, a partir de este oto\u00f1o.<\/p>\n\n\n\n<p>En 2017, Som Energia, una de las 7 entidades impulsoras de Som Comunitats, cre\u00f3, conjuntamente con&nbsp;<a href=\"https:\/\/coop57.coop\/\" target=\"_blank\" rel=\"noreferrer noopener\">Coop57<\/a>&nbsp;el&nbsp;<strong><a href=\"https:\/\/www.germinadorsocial.com\/\" target=\"_blank\" rel=\"noreferrer noopener\">Germinador Social<\/a><\/strong>, un concurso para estimular el \u201cdesarrollo de nuevos modelos de democratizaci\u00f3n de la energ\u00eda y el empoderamiento social, la eficiencia energ\u00e9tica y las energ\u00edas renovables\u201d, seg\u00fan Casadell\u00e0. A partir de 2020, los premios incluyeron una categor\u00eda dedicada a las comunidades energ\u00e9ticas. Desde entonces, 35 comunidades energ\u00e9ticas han participado y 13 han sido galardonadas.<\/p>\n\n\n\n<figure class=\"wp-block-image size-full\"><img decoding=\"async\" width=\"1024\" height=\"683\" src=\"https:\/\/caes.coop\/wp-content\/uploads\/2023\/10\/BATEC-Foto-grupo-copia-1024x683-1.jpg\" alt=\"\" class=\"wp-image-1284\" srcset=\"https:\/\/caes.coop\/wp-content\/uploads\/2023\/10\/BATEC-Foto-grupo-copia-1024x683-1.jpg 1024w, https:\/\/caes.coop\/wp-content\/uploads\/2023\/10\/BATEC-Foto-grupo-copia-1024x683-1-980x654.jpg 980w, https:\/\/caes.coop\/wp-content\/uploads\/2023\/10\/BATEC-Foto-grupo-copia-1024x683-1-480x320.jpg 480w\" sizes=\"(min-width: 0px) and (max-width: 480px) 480px, (min-width: 481px) and (max-width: 980px) 980px, (min-width: 981px) 1024px, 100vw\" \/><figcaption class=\"wp-element-caption\">Asamblea de BATEC<\/figcaption><\/figure>\n\n\n\n<p>En Barcelona, otro grupo de cooperativas y asociaciones de la econom\u00eda social y solidaria se han agrupado en el proyecto&nbsp;<strong><a href=\"https:\/\/batec.coop\/\" target=\"_blank\" rel=\"noreferrer noopener\">BATEC<\/a><\/strong>, una iniciativa que tiene como objetivo ser a referente en la transici\u00f3n energ\u00e9tica hacia un modelo sostenible, justo y democr\u00e1tico. \u201cImpulsamos proyectos transformadores que presenten retos complejos que requieran la intercooperaci\u00f3n para abordarlos\u201d, comenta&nbsp;<strong>Gaia D\u2019Elia<\/strong>, coordinadora de BATEC. Seg\u00fan la responsable, las comunidades energ\u00e9ticas son una herramienta fundamental para transformar el modelo energ\u00e9tico, pero no la \u00fanica: \u201cTrabajamos con escuelas, cooperativas agrarias y otras entidades para promover la descarbonizaci\u00f3n y la ambientalizaci\u00f3n de los espacios donde vivimos, trabajamos o producimos.\u201d<\/p>\n\n\n\n<p>A nivel estatal,&nbsp;<a href=\"https:\/\/www.unionrenovables.coop\/\" target=\"_blank\" rel=\"noreferrer noopener\"><strong>Uni\u00f3n Renovables<\/strong><\/a>, la uni\u00f3n de cooperativas de consumidoras y usuarias de energ\u00edas renovables que aboga por un consumo responsable, un empoderamiento ciudadano y un modelo de gesti\u00f3n de la energ\u00eda distribuida, tambi\u00e9n fomenta la creaci\u00f3n de comunidades energ\u00e9ticas desde los principios de la cooperaci\u00f3n y la ayuda mutua. Seg\u00fan&nbsp;<strong>Alfonso Garc\u00eda M\u00e1rquez<\/strong>, portavoz de Uni\u00f3n Renovables, la propuesta de las comunidades energ\u00e9ticas \u201cencaja como un guante\u201d con los objetivos de la entidad. Para Garc\u00eda, el modelo cooperativo aporta las herramientas e instrumentos que necesitan las comunidades energ\u00e9ticas, ya que el cooperativismo \u201cpermite dotarnos de reglas y valores, con pr\u00e1cticas sociales de \u00e9xito.\u201d<\/p>\n\n\n\n<h2 class=\"wp-block-heading\">Otras finanzas para la transici\u00f3n ecol\u00f3gica<\/h2>\n\n\n\n<p>ara entender el papel de la econom\u00eda solidaria, el cooperativismo y las finanzas \u00e9ticas en la transici\u00f3n energ\u00e9tica es fundamental reflexionar sobre la otra cara de la moneda. El&nbsp;<strong>sistema financiero convencional<\/strong>&nbsp;mantiene un papel central en la&nbsp;<strong>econom\u00eda f\u00f3sil y el calentamiento global<\/strong>. El informe&nbsp;<a href=\"https:\/\/www.bankingonclimatechaos.org\/\" target=\"_blank\" rel=\"noreferrer noopener\">Banking on Climate Chaos 2022<\/a>, publicado por seis organizaciones no gubernamentales internacionales constata como las sesenta mayores entidades bancarias del mundo concedieron 4,6 billones de d\u00f3lares en seis a\u00f1os al sector de los combustibles f\u00f3siles.<\/p>\n\n\n\n<p>En paralelo, veinticuatro organizaciones de todo el mundo promovieron, en el marco de la campa\u00f1a&nbsp;<a href=\"https:\/\/global.insure-our-future.com\/\" target=\"_blank\" rel=\"noreferrer noopener\">Insurance our Future<\/a>, el estudio&nbsp;<a href=\"https:\/\/global.insure-our-future.com\/scorecard\/\" target=\"_blank\" rel=\"noreferrer noopener\">2022 Scorecard on Insurance, Fossil Fuels and the Climate Emergency<\/a>. El informe recoge c\u00f3mo todav\u00eda grandes compa\u00f1\u00edas aseguradoras y reaseguradoras dan cobertura a los riesgos asociados con la extracci\u00f3n de petr\u00f3leo y gas, dos elementos clave en el calentamiento global.<\/p>\n\n\n\n<p>Datos como estos demuestran c\u00f3mo las entidades financieras convencionales, aunque est\u00e1n cambiando su foco de actividad e inversi\u00f3n hacia una econom\u00eda \u2018verde\u2019, siguen apostando por inversiones que, como en la extracci\u00f3n de combustibles f\u00f3siles, buscan el m\u00e1ximo beneficio en el menor tiempo posible. En definitiva, son actores clave en armar un sistema econ\u00f3mico y productivo totalmente desconectado de las necesidades reales del planeta, de las personas y de la econom\u00eda real.<\/p>\n\n\n\n<p>En contrapartida, existen otras finanzas basadas en criterios \u00e9ticos, movidas por los valores de justicia y transformaci\u00f3n, participativas, transparentes y que buscan financiar proyectos con importantes repercusiones sociales, culturales y medioambientales. Las finanzas \u00e9ticas ya representan el 5% del PIB de toda la Uni\u00f3n Europea, como indica el primer informe&nbsp;<a href=\"https:\/\/finanzaseticas.net\/wp-content\/uploads\/2018\/12\/1r-informe-cs.pdf\" target=\"_blank\" rel=\"noreferrer noopener\">Las Finanzas \u00c9ticas y Sostenibles en Europa<\/a>, publicado por la&nbsp;<a href=\"https:\/\/finanzaetica.info\/\" target=\"_blank\" rel=\"noreferrer noopener\">Fondazione Finanza Etica<\/a>&nbsp;y la&nbsp;<a href=\"https:\/\/finanzaseticas.net\/\" target=\"_blank\" rel=\"noreferrer noopener\">Fundaci\u00f3n Finanzas \u00c9ticas<\/a>.<\/p>\n\n\n\n<figure class=\"wp-block-image\"><img decoding=\"async\" src=\"https:\/\/arc.coop\/wp-content\/uploads\/2023\/10\/FIARE-BANCA-ETICA-1-copia-1-1024x684.jpg\" alt=\"\" class=\"wp-image-218186\"\/><figcaption class=\"wp-element-caption\">Oficinas de Fiare Banca Etica en Barcelona<\/figcaption><\/figure>\n\n\n\n<p>La econom\u00eda solidaria tiene muy claro la necesidad de consolidar un ecosistema financiero al servicio del bien com\u00fan controlado democr\u00e1ticamente, que redirija el flujo del cr\u00e9dito y la inversi\u00f3n hacia la resoluci\u00f3n de las necesidades sociales y ambientales. Entidades cooperativas de las&nbsp;<strong>finanzas \u00e9ticas<\/strong>&nbsp;como&nbsp;<a rel=\"noreferrer noopener\" href=\"https:\/\/www.fiarebancaetica.coop\/\" target=\"_blank\">Fiare Banca Etica<\/a>&nbsp;o&nbsp;<a href=\"https:\/\/arc.coop\/\">Ar\u00e7 Cooperativa<\/a>&nbsp;est\u00e1n demostrando que su actividad socioecon\u00f3mica est\u00e1 al servicio de una&nbsp;<strong>transici\u00f3n ecol\u00f3gica justa y democr\u00e1tica<\/strong>&nbsp;en su conjunto y de las comunidades energ\u00e9ticas en particular.<\/p>\n\n\n\n<h2 class=\"wp-block-heading\">Apoyando la parte financiera&nbsp;desde Fiare Banca Etica<br><\/h2>\n\n\n\n<p>Fiare Banca Etica como entidad cooperativa organizada desde la sociedad civil, comparte los principios de comunidad, democracia y ser una herramienta al servicio de la ciudadan\u00eda. En 2019 se present\u00f3 un primer centro educativo en Madrid que solicitaba un pr\u00e9stamo para la instalaci\u00f3n de placas de autoconsumo en sus edificios y desde ese momento la cooperativa cre\u00f3 l\u00edneas de productos tanto para entidades como para particulares y sus comunidades energ\u00e9ticas para poder acompa\u00f1arlos en este proceso de cambio.<\/p>\n\n\n\n<figure class=\"wp-block-image\"><img decoding=\"async\" src=\"https:\/\/arc.coop\/wp-content\/uploads\/2023\/10\/Asomada-Solar-Cartajena-financiada-por-FIARE-BANCA-ETICA-copia-1-2-1024x682.jpg\" alt=\"\" class=\"wp-image-218240\"\/><figcaption class=\"wp-element-caption\">Encuentro de Asomada Solar a Cartajena<\/figcaption><\/figure>\n\n\n\n<p>En 2022, el banco particip\u00f3 financieramente con la puesta en marcha de la comunidad energ\u00e9tica&nbsp;<strong>La Pablo Renovable<\/strong>, probablemente la comunidad de vecinas m\u00e1s grande de todo el Estado, en la localidad madrile\u00f1a de Rivas Vaciamadrid. El objetivo principal era generar un \u201cbarrio solar\u201d que provea de energ\u00eda m\u00e1s limpia a 504 hogares de m\u00e1s de diez comunidades que conforman la mancomunidad de Pablo Iglesias. Por otro lado, tambi\u00e9n hay particulares que en su condici\u00f3n individual dan el paso hacia el autoconsumo all\u00ed donde viven, y la cooperativa les apoya con la financiaci\u00f3n de su instalaci\u00f3n.<\/p>\n\n\n\n<h2 class=\"wp-block-heading\">Asegurando la generaci\u00f3n de energ\u00eda limpia y democr\u00e1tica<br><\/h2>\n\n\n\n<p>Por su parte, Ar\u00e7 Cooperativa, corredur\u00eda de seguros integrada en el grupo&nbsp;<a href=\"https:\/\/caes.coop\/\" target=\"_blank\" rel=\"noreferrer noopener\">CAES<\/a>, mantiene un&nbsp;<a href=\"https:\/\/arc.coop\/es\/2023\/05\/31\/arc-cooperativa-y-la-transicion-ecosocial-un-compromiso-de-presente-y-futuro\/\">compromiso expl\u00edcito con la transici\u00f3n ecol\u00f3gica, justa y democr\u00e1tica<\/a>, desarrollando productos y servicios para responder a las necesidades derivadas de la transici\u00f3n ecosocial. Esta apuesta llev\u00f3 a la cooperativa a negociar con compa\u00f1\u00edas y entidades aseguradoras productos para cubrir las necesidades espec\u00edficas de las comunidades energ\u00e9ticas, que distan mucho de los riesgos de instalaciones convencionales de generaci\u00f3n de energ\u00eda renovable. En su oferta destaca un seguro colectivo de responsabilidad civil dise\u00f1ado seg\u00fan las caracter\u00edsticas y el crecimiento de las comunidades.<\/p>\n\n\n\n<figure class=\"wp-block-image\"><img decoding=\"async\" src=\"https:\/\/arc.coop\/wp-content\/uploads\/2023\/10\/DO0A9143.jpg\" alt=\"\"\/><figcaption class=\"wp-element-caption\">Equipo de Ar\u00e7 Cooperativa<\/figcaption><\/figure>\n\n\n\n<p>Una de las comunidades energ\u00e9ticas que forma parte de este seguro colectivo es&nbsp;<a href=\"https:\/\/burujabe.hernani.eus\/es\/energia\" target=\"_blank\" rel=\"noreferrer noopener\"><strong>EnHerKom<\/strong><\/a>, de la localidad guipuzcoana de Hernani, donde destaca la&nbsp;<strong>colaboraci\u00f3n p\u00fablico-comunitaria<\/strong>&nbsp;para el impulso de la comunidad energ\u00e9tica. Se trata de un proceso de democratizaci\u00f3n donde los movimientos sociales y la ciudadan\u00eda defienden la gesti\u00f3n colectiva en una alianza con el poder p\u00fablico para su consolidaci\u00f3n. En el caso de la comunidad energ\u00e9tica hernaniarra, el consistorio ha aportado recursos y ha jugado un papel fundamental como socio colaborador. Ahora bien, los responsables de la entidad recuerdan que \u201cel ayuntamiento debe tener claro su papel como un socio m\u00e1s de la comunidad energ\u00e9tica\u201d.<\/p>\n\n\n\n<p>En el barrio pamplon\u00e9s de Mendillori encontramos otra asociaci\u00f3n adherida al seguro colectivo, la comunidad energ\u00e9tica&nbsp;<strong>Mendillorriko Komunitate Energetikoa \u2018Kemendi\u2019<\/strong>. Seg\u00fan la Junta Directiva de la asociaci\u00f3n, las entidades financieras tradicionales les han brindado muy poca ayuda o incluso han dejado sin responder sus peticiones. Se trata de una situaci\u00f3n que refleja la distancia entre estas entidades m\u00e1s convencionales y la ciudadan\u00eda organizada en proyectos transformadores.<\/p>\n\n\n\n<p>El caso de \u2018Kemendi\u2019 es otro ejemplo de la alianza entre administraciones y ciudadan\u00eda. La asociaci\u00f3n naci\u00f3 gracias a una iniciativa promovida desde la Agencia Energ\u00e9tica del Ayuntamiento. Adem\u00e1s, el consistorio navarro se ha comprometido a ceder parte de la potencia de una instalaci\u00f3n fotovoltaica del barrio a la asociaci\u00f3n.<\/p>\n\n\n\n<figure class=\"wp-block-image\"><img decoding=\"async\" src=\"https:\/\/arc.coop\/wp-content\/uploads\/2023\/10\/Foto-grupo-motor-comunidad-Kemendi-Pamplona-asegurado-por-Arc-Cooperativa.jpg\" alt=\"Grupo promotor de la comunidad Mendillorikko Komunitate Energetikoa &quot;Kemendi&quot; (Pamplona)\" class=\"wp-image-218245\"\/><figcaption class=\"wp-element-caption\">Grupo promotor de la Mendillorriko Komunitate Energetikoa \u2018Kemendi\u2019 de Pamplona<\/figcaption><\/figure>\n\n\n\n<p>A m\u00e1s de 2.000 kil\u00f3metros de Navarra, en la isla canaria de La Palma, un grupo de ciudadanas, peque\u00f1as empresas y administraciones se han organizado alrededor de&nbsp;<a rel=\"noreferrer noopener\" href=\"https:\/\/energiabonita.coop\/\" target=\"_blank\"><strong>Energ\u00eda Bonita<\/strong><\/a>, una comunidad energ\u00e9tica que abarca toda la isla y que tiene como objetivo \u201cconseguir que buena parte de la generaci\u00f3n de energ\u00eda sea de propiedad ciudadana\u201d.&nbsp;<strong>N\u00faria Albet Torres<\/strong>, presidenta de la asociaci\u00f3n, asegura que tienen importantes retos, pero est\u00e1n convencidas de que el proyecto puede ser \u201cuna oportunidad de mejora de la calidad democr\u00e1tica de nuestro territorio\u201d.<\/p>\n\n\n\n<h2 class=\"wp-block-heading\">Comunidades energ\u00e9ticas y finanzas \u00e9ticas, aliadas en la transformaci\u00f3n<\/h2>\n\n\n\n<p>Las comunidades energ\u00e9ticas, con sus particularidades y puntos en com\u00fan, han llegado para ser un instrumento al servicio de la ciudadan\u00eda que quiere dar el paso para construir un modelo de provisi\u00f3n de energ\u00eda limpia. Ya sea en Hernani, Pamplona, la Palma, Madrid, Rivas Vaciamadrid o Barcelona, grupos de personas se est\u00e1n organizando no solo para conseguir generar este nuevo modelo de autoconsumo, sino que crean modelos basados en la horizontalidad y la recuperaci\u00f3n de lazos comunitarios, dos<br>caracter\u00edsticas que compartimos las finanzas \u00e9ticas y las comunidades energ\u00e9ticas en una sociedad que empuja hacia modelos individuales de maximizaci\u00f3n del beneficio.<\/p>\n\n\n\n<p>Nuestra base com\u00fan lleva a las entidades de las finanzas \u00e9ticas a ponerse al servicio de las comunidades energ\u00e9ticas con el fin de prestar los servicios que puedan requerir y promover esta intercooperaci\u00f3n para crecer y consolidar un modelo que aporta bienestar a la ciudadan\u00eda y al medioambiente. Paralelamente, hay grandes retos de trabajo como son el desconocimiento legal en el propio proceso y las trabas administrativas que grandes distribuidoras y comercializadoras ponen para retardar los procesos de conexi\u00f3n final.&nbsp;<strong>El camino ser\u00e1 largo, pero estamos a tiempo de hacer las cosas mejor.<\/strong><\/p>\n\n\n\n<p class=\"has-text-align-right\"><em>*Clara Soler Roig y Albert Castillo i Sampedro son los responsables de comunicaci\u00f3n de&nbsp;<a rel=\"noreferrer noopener\" href=\"https:\/\/www.fiarebancaetica.coop\/\" target=\"_blank\">Fiare Banca Etica<\/a>&nbsp;y&nbsp;<a href=\"https:\/\/arc.coop\/\">Ar\u00e7 Cooperativa<\/a>&nbsp;\u2013&nbsp;<a rel=\"noreferrer noopener\" href=\"https:\/\/caes.coop\/\" target=\"_blank\">CAES<\/a>, respectivamente.<\/em><\/p>\n","protected":false},"excerpt":{"rendered":"<p>Art\u00edculo publicado originalmente en&nbsp;Energ\u00edas Renovables La emergencia clim\u00e1tica y el agotamiento de los recursos f\u00f3siles han precipitado una transici\u00f3n energ\u00e9tica con importantes implicaciones en los modelos de producci\u00f3n, distribuci\u00f3n y consumo de la energ\u00eda. Mientras las grandes empresas y los grupos financieros que han contribuido al calentamiento global est\u00e1n volcadas en controlar el sector de las renovables, ciudadan\u00eda, comunidades de vecinos, asociaciones y cooperativas est\u00e1n creando alianzas bajo el paraguas de las comunidades energ\u00e9ticas para desempe\u00f1ar un rol protagonista en [&hellip;]<\/p>\n","protected":false},"author":4,"featured_media":1276,"comment_status":"closed","ping_status":"closed","sticky":false,"template":"","format":"standard","meta":{"_et_pb_use_builder":"off","_et_pb_old_content":"","_et_gb_content_width":"","_exactmetrics_skip_tracking":false,"_exactmetrics_sitenote_active":false,"_exactmetrics_sitenote_note":"","_exactmetrics_sitenote_category":0,"footnotes":""},"categories":[106,76],"tags":[152,121,125,127,78,132],"class_list":["post-1300","post","type-post","status-publish","format-standard","has-post-thumbnail","hentry","category-economia-solidaria-eu","category-finanzas-eticas-eu","tag-economia-social-eu","tag-economia-social-y-solidaria-eu","tag-economia-solidaria-eu","tag-ess-eu","tag-finanzas-eticas-eu","tag-transicion-ecosocial-eu"],"_links":{"self":[{"href":"https:\/\/caes.coop\/eu\/wp-json\/wp\/v2\/posts\/1300","targetHints":{"allow":["GET"]}}],"collection":[{"href":"https:\/\/caes.coop\/eu\/wp-json\/wp\/v2\/posts"}],"about":[{"href":"https:\/\/caes.coop\/eu\/wp-json\/wp\/v2\/types\/post"}],"author":[{"embeddable":true,"href":"https:\/\/caes.coop\/eu\/wp-json\/wp\/v2\/users\/4"}],"replies":[{"embeddable":true,"href":"https:\/\/caes.coop\/eu\/wp-json\/wp\/v2\/comments?post=1300"}],"version-history":[{"count":1,"href":"https:\/\/caes.coop\/eu\/wp-json\/wp\/v2\/posts\/1300\/revisions"}],"predecessor-version":[{"id":1302,"href":"https:\/\/caes.coop\/eu\/wp-json\/wp\/v2\/posts\/1300\/revisions\/1302"}],"wp:featuredmedia":[{"embeddable":true,"href":"https:\/\/caes.coop\/eu\/wp-json\/wp\/v2\/media\/1276"}],"wp:attachment":[{"href":"https:\/\/caes.coop\/eu\/wp-json\/wp\/v2\/media?parent=1300"}],"wp:term":[{"taxonomy":"category","embeddable":true,"href":"https:\/\/caes.coop\/eu\/wp-json\/wp\/v2\/categories?post=1300"},{"taxonomy":"post_tag","embeddable":true,"href":"https:\/\/caes.coop\/eu\/wp-json\/wp\/v2\/tags?post=1300"}],"curies":[{"name":"wp","href":"https:\/\/api.w.org\/{rel}","templated":true}]}}