{"id":1689,"date":"2024-08-01T09:22:45","date_gmt":"2024-08-01T07:22:45","guid":{"rendered":"https:\/\/caes.coop\/eu\/2024\/08\/01\/el-mercado-social-y-el-seguro-etico\/"},"modified":"2024-08-01T09:36:38","modified_gmt":"2024-08-01T07:36:38","slug":"el-mercado-social-y-el-seguro-etico","status":"publish","type":"post","link":"https:\/\/caes.coop\/eu\/2024\/08\/01\/el-mercado-social-y-el-seguro-etico\/","title":{"rendered":"El mercado social y el seguro \u00e9tico"},"content":{"rendered":"\n<figure class=\"wp-block-image\"><img decoding=\"async\" src=\"https:\/\/arc.coop\/wp-content\/uploads\/2024\/06\/mercat-social-web-2024-copia.jpg\" alt=\"\"\/><\/figure>\n\n\n\n<h4 class=\"wp-block-heading has-text-align-center has-medium-font-size\"><strong>Una de las principales estrategias de la econom\u00eda social y solidaria (ESS) pasa por la construcci\u00f3n y fortalecimiento del mercado social, un circuito econ\u00f3mico y de satisfacci\u00f3n de necesidades basado en los principios de la ESS.<\/strong><\/h4>\n\n\n\n<h4 class=\"wp-block-heading has-text-align-center has-medium-font-size\"><strong>Hemos hablado con las responsables de las comisiones del mercado social de la XES y REAS Red de Redes, Rub\u00e8n Suri\u00f1achs y Susana Ortega, respectivamente, para entender mejor algunos de los conceptos clave. Tambi\u00e9n hemos contado con Guillem Subirachs, coordinador del Observatorio de las Finanzas \u00c9ticas, para adentrarnos en las sinergias positivas entre las finanzas \u00e9ticas, el seguro \u00e9tico y solidario y el mercado social.&nbsp;<\/strong><\/h4>\n\n\n\n<p>Muy a menudo, desde las entidades y organizaciones que formamos parte de la ESS hablamos de&nbsp;<strong>mercado social<\/strong>&nbsp;y de la necesidad de impulsarlo y hacerlo crecer. Pero, \u00bftodas sabemos a qu\u00e9 nos estamos referimos?<\/p>\n\n\n\n<p>El mercado social es el&nbsp;<strong>circuito econ\u00f3mico y de satisfacci\u00f3n de necesidades<\/strong>&nbsp;dentro de las pr\u00e1cticas y los valores del ESS. \u00abEs una gran red donde nos relacionamos personas, organizaciones y entidades de la econom\u00eda solidaria en la cual priorizamos nuestras necesidades de compra escogiendo como proveedoras a otras entidades de la ESS\u00bb. As\u00ed es como&nbsp;<strong>Susana Ortega<\/strong>, consejera del&nbsp;<a href=\"https:\/\/mercadosocial.net\/\" target=\"_blank\" rel=\"noreferrer noopener\">Mercado Social<\/a>&nbsp;de&nbsp;<a href=\"https:\/\/reas.red\/\" target=\"_blank\" rel=\"noreferrer noopener\">REAS Red de Redes<\/a>, describe el mercado social. Para Ortega, este circuito es una \u00ab<strong>gran comunidad<\/strong>&nbsp;desde donde se pueden satisfacer y desarrollar el m\u00e1ximo posible de relaciones e iniciativas socioecon\u00f3micas con los valores del ESS\u00bb.<\/p>\n\n\n\n<p>Para&nbsp;<strong>Rub\u00e8n Suri\u00f1ach<\/strong>, t\u00e9cnico de la&nbsp;<a href=\"https:\/\/xes.cat\/\" target=\"_blank\" rel=\"noreferrer noopener\">XES<\/a>&nbsp;y responsable del&nbsp;<a href=\"https:\/\/xes.cat\/comissions\/balanc-social\/\" target=\"_blank\" rel=\"noreferrer noopener\">Balan\u00e7 Social<\/a>, \u00abla ESS debe de hacer realidad otras formas de vida, aunque esto comporte tener que convivir de&nbsp;<strong>manera conflictiva con el capitalismo<\/strong>, con las contradicciones que esto supone\u00bb. Para el economista, es justamente en la estrategia de construcci\u00f3n del mercado social donde m\u00e1s se evidencia este conflicto para el conjunto de la econom\u00eda solidaria.<\/p>\n\n\n\n<figure class=\"wp-block-image\"><img decoding=\"async\" src=\"https:\/\/arc.coop\/wp-content\/uploads\/2024\/06\/mercat-social-ess-web-2024-copia-1024x427.jpg\" alt=\"\" class=\"wp-image-227979\"\/><figcaption class=\"wp-element-caption\">Rub\u00e8n Suri\u00f1ach (XES), Susana Ortega (Mercado Social) y Guillem Subirachs (Observatorio de las Finanzas \u00c9ticas)<\/figcaption><\/figure>\n\n\n\n<h3 class=\"wp-block-heading\">El mercado social en ejemplos concretos<\/h3>\n\n\n\n<p>Hemos pedido a Rub\u00e8n Suri\u00f1ach y a Susana Ortega si nos pod\u00edan dar ejemplos concretos de pr\u00e1cticas donde se haga visible el mercado social. Para Ortega, el&nbsp;<strong>cat\u00e1logo<\/strong>&nbsp;estatal de productos y servicios del mercado social refleja cada vez m\u00e1s alternativas de diferentes entidades que se suman a este circuito. En paralelo, la Auditor\u00eda Social es otra herramienta que refleja la&nbsp;<strong>intercooperaci\u00f3n<\/strong>&nbsp;entre diferentes empresas, organizaciones y entidades de la ESS.<\/p>\n\n\n\n<p>Por su lado, Rub\u00e8n Suri\u00f1ach nos recuerda cu\u00e1l ha sido la estrategia de algunas redes de econom\u00eda del estado, como en Madrid o Arag\u00f3n, donde se apost\u00f3 por construir cooperativas integrales que agrupasen a&nbsp;<strong>consumidoras y productoras<\/strong>. De este modo se pretend\u00eda generar un mercado cerrado como espacio de consumo y producci\u00f3n donde todas las entidades y organizaciones cumpliesen con los criterios y valores de la ESS.<\/p>\n\n\n\n<p>El economista tambi\u00e9n nos cuenta c\u00f3mo, por otro lado, \u00abla estrategia de la XES en Catalu\u00f1a fue distinta y se basaba en crear un&nbsp;<strong>ecosistema de innovaci\u00f3n y escalabilidad en ESS<\/strong>&nbsp;con diferentes actores que generan herramientas y recursos para potenciar el ecosistema\u00bb. Entre estas herramientas destaca la Autor\u00eda Social y el&nbsp;<a href=\"https:\/\/pamapam.cat\/\">Pam a Pam<\/a>&nbsp;el mapa del mercado social en Catalu\u00f1a.<\/p>\n\n\n\n<figure class=\"wp-block-image size-full\"><img fetchpriority=\"high\" fetchpriority=\"high\" decoding=\"async\" width=\"1024\" height=\"684\" src=\"https:\/\/caes.coop\/wp-content\/uploads\/2024\/08\/53009856027_eb3c6ba1fb_k-1-1024x684-2.jpg\" alt=\"\" class=\"wp-image-1662\" srcset=\"https:\/\/caes.coop\/wp-content\/uploads\/2024\/08\/53009856027_eb3c6ba1fb_k-1-1024x684-2.jpg 1024w, https:\/\/caes.coop\/wp-content\/uploads\/2024\/08\/53009856027_eb3c6ba1fb_k-1-1024x684-2-980x655.jpg 980w, https:\/\/caes.coop\/wp-content\/uploads\/2024\/08\/53009856027_eb3c6ba1fb_k-1-1024x684-2-480x321.jpg 480w\" sizes=\"(min-width: 0px) and (max-width: 480px) 480px, (min-width: 481px) and (max-width: 980px) 980px, (min-width: 981px) 1024px, 100vw\" \/><figcaption class=\"wp-element-caption\">Foto: FESS Rural 2023. Fuente: XES<\/figcaption><\/figure>\n\n\n\n<h3 class=\"wp-block-heading\">Las finanzas y los seguros \u00e9ticos como palanca del mercado social<\/h3>\n\n\n\n<p id=\"caption-attachment-228099\">De entrada, los v\u00ednculos entre mercado social y el ESS parecen claros, pero no debemos confundir un concepto con el otro. Susana Ortega nos recuerda que el&nbsp;<strong>circuito econ\u00f3mico<\/strong>&nbsp;del mercado social se basa en los&nbsp;<strong>principios de la econom\u00eda solidaria<\/strong>. \u00abAs\u00ed, el mercado social pone en el centro de la producci\u00f3n y el consumo de bienes y servicios, la equidad, el trabajo digno, la cooperaci\u00f3n, la sostenibilidad ecol\u00f3gica, el reparto justo de la riqueza y el compromiso con el entorno, los principios de la econom\u00eda solidaria.\u00bb<\/p>\n\n\n\n<p>En esta l\u00ednea, es importante situar el mercado social como un circuito econ\u00f3mico en el cual conviven diferentes esferas, como por ejemplo&nbsp;<strong>la producci\u00f3n, la financiaci\u00f3n, la comercializaci\u00f3n y el consumo<\/strong>. Pero, como nos explica Rub\u00e8n Suri\u00f1ach, es importante situar el mercado social estrictamente dentro de la esfera mercantil o del intercambio. Por otro lado, existen otras esferas, especialmente si atenemos las cr\u00edticas formuladas desde la econom\u00eda feminista y la econom\u00eda basada en los comunes o el procom\u00fan, que se escapan del circuito del mercado social, como lo son los cuidados o la articulaci\u00f3n de comunidades.<\/p>\n\n\n\n<h3 class=\"wp-block-heading\">Las finanzas y los seguros \u00e9ticos como palanca del mercado social<\/h3>\n\n\n\n<p>Desde el discurso de construcci\u00f3n del mercado social, entendemos las&nbsp;<strong>finanzas \u00e9ticas&nbsp;<\/strong>y, por tanto, el&nbsp;<strong>seguro \u00e9tico<\/strong>, como la esfera financiera de este circuito. Esto implica que \u00ablas finanzas \u00e9ticas vayan m\u00e1s all\u00e1 de un uso \u00e9tico del dinero\u00bb, opina&nbsp;<strong>Guillem Subirachs<\/strong>, coordinador del&nbsp;<a href=\"https:\/\/fets.org\/es\/observatorio\/\" target=\"_blank\" rel=\"noreferrer noopener\">Observatorio de las Finanzas \u00c9ticas<\/a>&nbsp;(<a href=\"https:\/\/fets.org\/es\/\" target=\"_blank\" rel=\"noreferrer noopener\">FETS \u2013 Financiaci\u00f3n \u00c9tica y Solidaria<\/a>). Y es que las finanzas \u00e9ticas \u00abtienen un papel crucial en la articulaci\u00f3n del mercado social, porque ayudan a impulsar y consolidar entidades de la ESS de sectores estrat\u00e9gicos como son, por ejemplo, la vivienda, la energ\u00eda, la alimentaci\u00f3n o los cuidados\u00bb.<\/p>\n\n\n\n<p>El coordinador del Observatorio, recuperando el hilo de Suri\u00f1ach, tambi\u00e9n defiende la capacidad de las finanzas \u00e9ticas de facilitar el acceso a la financiaci\u00f3n y, por tanto, de ayudar a hacer posible los necesarios saltos de escala del mercado social. En paralelo, el economista vinculado a la XES opina que el sistema financiero \u00e9tico \u00abes fundamental para desarrollar esta intermediaci\u00f3n financiera, ya que son las que garantizan los principios del mercado social y la ESS en la gesti\u00f3n de estos recursos\u00bb.<\/p>\n\n\n\n<p>En otras palabras, entendemos los seguros y las finanzas \u00e9ticas no solo como una forma de practicar el consumo consciente o responsable, sino como una&nbsp;<strong>estrategia sociopol\u00edtica<\/strong>&nbsp;de construcci\u00f3n de un circuito de relaciones y de&nbsp;<strong>flujo econ\u00f3mico y monetario<\/strong>&nbsp;que sit\u00faa el bienestar de las comunidades y de los ecosistemas en el centro.<\/p>\n\n\n\n<figure class=\"wp-block-image\"><img decoding=\"async\" src=\"https:\/\/arc.coop\/wp-content\/uploads\/2024\/07\/52453215524_069e64202a_b.jpg\" alt=\"\" class=\"wp-image-230216\"\/><figcaption class=\"wp-element-caption\">Foto: FESC. Fuente: XES<\/figcaption><\/figure>\n","protected":false},"excerpt":{"rendered":"<p>Una de las principales estrategias de la econom\u00eda social y solidaria (ESS) pasa por la construcci\u00f3n y fortalecimiento del mercado social, un circuito econ\u00f3mico y de satisfacci\u00f3n de necesidades basado en los principios de la ESS. Hemos hablado con las responsables de las comisiones del mercado social de la XES y REAS Red de Redes, Rub\u00e8n Suri\u00f1achs y Susana Ortega, respectivamente, para entender mejor algunos de los conceptos clave. Tambi\u00e9n hemos contado con Guillem Subirachs, coordinador del Observatorio de las [&hellip;]<\/p>\n","protected":false},"author":4,"featured_media":1667,"comment_status":"closed","ping_status":"closed","sticky":false,"template":"","format":"standard","meta":{"_et_pb_use_builder":"off","_et_pb_old_content":"","_et_gb_content_width":"","_exactmetrics_skip_tracking":false,"_exactmetrics_sitenote_active":false,"_exactmetrics_sitenote_note":"","_exactmetrics_sitenote_category":0,"footnotes":""},"categories":[106,76,30],"tags":[],"class_list":["post-1689","post","type-post","status-publish","format-standard","has-post-thumbnail","hentry","category-economia-solidaria-eu","category-finanzas-eticas-eu","category-seguros-eticos-eu"],"_links":{"self":[{"href":"https:\/\/caes.coop\/eu\/wp-json\/wp\/v2\/posts\/1689","targetHints":{"allow":["GET"]}}],"collection":[{"href":"https:\/\/caes.coop\/eu\/wp-json\/wp\/v2\/posts"}],"about":[{"href":"https:\/\/caes.coop\/eu\/wp-json\/wp\/v2\/types\/post"}],"author":[{"embeddable":true,"href":"https:\/\/caes.coop\/eu\/wp-json\/wp\/v2\/users\/4"}],"replies":[{"embeddable":true,"href":"https:\/\/caes.coop\/eu\/wp-json\/wp\/v2\/comments?post=1689"}],"version-history":[{"count":3,"href":"https:\/\/caes.coop\/eu\/wp-json\/wp\/v2\/posts\/1689\/revisions"}],"predecessor-version":[{"id":1700,"href":"https:\/\/caes.coop\/eu\/wp-json\/wp\/v2\/posts\/1689\/revisions\/1700"}],"wp:featuredmedia":[{"embeddable":true,"href":"https:\/\/caes.coop\/eu\/wp-json\/wp\/v2\/media\/1667"}],"wp:attachment":[{"href":"https:\/\/caes.coop\/eu\/wp-json\/wp\/v2\/media?parent=1689"}],"wp:term":[{"taxonomy":"category","embeddable":true,"href":"https:\/\/caes.coop\/eu\/wp-json\/wp\/v2\/categories?post=1689"},{"taxonomy":"post_tag","embeddable":true,"href":"https:\/\/caes.coop\/eu\/wp-json\/wp\/v2\/tags?post=1689"}],"curies":[{"name":"wp","href":"https:\/\/api.w.org\/{rel}","templated":true}]}}