{"id":1801,"date":"2024-12-04T10:34:36","date_gmt":"2024-12-04T09:34:36","guid":{"rendered":"https:\/\/caes.coop\/eu\/2024\/12\/04\/por-unas-finanzas-que-pongan-a-las-personas-y-el-planeta-en-el-centro\/"},"modified":"2024-12-04T10:50:29","modified_gmt":"2024-12-04T09:50:29","slug":"por-unas-finanzas-que-pongan-a-las-personas-y-el-planeta-en-el-centro","status":"publish","type":"post","link":"https:\/\/caes.coop\/eu\/2024\/12\/04\/por-unas-finanzas-que-pongan-a-las-personas-y-el-planeta-en-el-centro\/","title":{"rendered":"Por unas finanzas que pongan a las personas y el planeta en el centro"},"content":{"rendered":"\n<figure class=\"wp-block-image size-large\"><img fetchpriority=\"high\" fetchpriority=\"high\" decoding=\"async\" width=\"1024\" height=\"683\" src=\"https:\/\/caes.coop\/wp-content\/uploads\/2024\/12\/20241031_171025_DANA_LaTorre_RFontanal_IMG_6818-1024x683.jpg\" alt=\"\" class=\"wp-image-1787\" srcset=\"https:\/\/caes.coop\/wp-content\/uploads\/2024\/12\/20241031_171025_DANA_LaTorre_RFontanal_IMG_6818-980x653.jpg 980w, https:\/\/caes.coop\/wp-content\/uploads\/2024\/12\/20241031_171025_DANA_LaTorre_RFontanal_IMG_6818-480x320.jpg 480w\" sizes=\"(min-width: 0px) and (max-width: 480px) 480px, (min-width: 481px) and (max-width: 980px) 980px, (min-width: 981px) 1024px, 100vw\" \/><figcaption class=\"wp-element-caption\">Foto: Raquel Fontanal para directa.cat<\/figcaption><\/figure>\n\n\n\n<p><strong>Cuando se cumple un mes de la cat\u00e1strofe que afect\u00f3 a distintas localidades del Pa\u00eds Valenci\u00e0 y otros territorios del Estado espa\u00f1ol, las entidades que conformamos la <a href=\"https:\/\/reas.red\/mesa-de-finanzas\/inicio-mesa-de-las-finanzas-eticas\/\">Mesa de las Finanzas \u00c9ticas de REAS Red de Redes<\/a> queremos compartir este comunicado<\/strong><\/p>\n\n\n\n<p>En primer lugar, expresar toda nuestra solidaridad y afecto a las personas, cooperativas, organizaciones y entidades afectadas. Les mandamos un c\u00e1lido y fraternal abrazo en estos momentos de dolor y rabia. Desde la indignaci\u00f3n, somos altavoz y articulamos ayudas para las redes de apoyo mutuo que trabajan sobre el terreno. Creemos que la solidaridad, lo colectivo y el trabajo en red son imprescindibles para mitigar los da\u00f1os y poner los cimientos de una sociedad distinta.<\/p>\n\n\n\n<p>La comunidad cient\u00edfica lleva a\u00f1os alertando sobre la situaci\u00f3n de emergencia clim\u00e1tica, y c\u00f3mo est\u00e1 afectando a los ecosistemas y a las personas que en ellos habitamos, as\u00ed como se\u00f1alando las medidas necesarias para hacer frente a este reto. Unas medidas que a menudo entran en contradicci\u00f3n con un modelo econ\u00f3mico basado en el crecimiento y la acumulaci\u00f3n. El sistema capitalista y una parte importante de la clase pol\u00edtica, responsables de esta situaci\u00f3n, est\u00e1n sistem\u00e1ticamente desatendiendo esta llamada y siguen priorizando los beneficios a cualquier precio.&nbsp;<\/p>\n\n\n\n<p>En contraposici\u00f3n, organizaciones y movimientos sociales estamos articulando alternativas que pasan por una necesaria transici\u00f3n ecosocial desde una mirada justa, democr\u00e1tica y ecofeminista. Debemos avanzar hacia un modelo econ\u00f3mico que, en lugar del enriquecimiento de unos pocos, ponga la sostenibilidad de la vida en el centro.<\/p>\n\n\n\n<p>En esta propuesta, las finanzas \u00e9ticas jugamos un papel fundamental. Somos herramientas al servicio de una econom\u00eda que prima el bienestar de las personas y los ecosistemas por encima de la obtenci\u00f3n de beneficios. Estos d\u00edas estamos viendo c\u00f3mo estos principios te\u00f3ricos se llevan a la pr\u00e1ctica ante la grave situaci\u00f3n que ha dejado la DANA. Las diferentes entidades de finanzas \u00e9ticas estamos desde el primer momento atentas a las necesidades de la poblaci\u00f3n y las organizaciones, ofreciendo las respuestas m\u00e1s adecuadas a sus necesidades, escapando de la l\u00f3gica de la maximizaci\u00f3n del beneficio.&nbsp;<\/p>\n\n\n\n<p>Para poder imaginar una alternativa al modelo extractivista y ecocida actual, necesitamos unas finanzas democr\u00e1ticas y participativas en las que prevalezca la inversi\u00f3n \u00e9tica, solidaria y justa y que tengan en cuenta la sostenibilidad desde una visi\u00f3n integral.<\/p>\n\n\n\n<p class=\"has-text-align-center has-medium-font-size\"><strong>Ante el capital y el ecocidio, finanzas para la vida.<\/strong><\/p>\n\n\n\n<p class=\"has-text-align-right\"><em>Fuente original:\u00a0<a href=\"https:\/\/www.economiasolidaria.org\/noticias\/por-unas-finanzas-que-pongan-a-las-personas-y-el-planeta-en-el-centro\/\">economiasolidaria.org<\/a><\/em><a href=\"https:\/\/www.economiasolidaria.org\/#facebook\" target=\"_blank\" rel=\"noreferrer noopener\"><\/a><\/p>\n","protected":false},"excerpt":{"rendered":"<p>Cuando se cumple un mes de la cat\u00e1strofe que afect\u00f3 a distintas localidades del Pa\u00eds Valenci\u00e0 y otros territorios del Estado espa\u00f1ol, las entidades que conformamos la Mesa de las Finanzas \u00c9ticas de REAS Red de Redes queremos compartir este comunicado En primer lugar, expresar toda nuestra solidaridad y afecto a las personas, cooperativas, organizaciones y entidades afectadas. Les mandamos un c\u00e1lido y fraternal abrazo en estos momentos de dolor y rabia. Desde la indignaci\u00f3n, somos altavoz y articulamos ayudas [&hellip;]<\/p>\n","protected":false},"author":4,"featured_media":1784,"comment_status":"closed","ping_status":"closed","sticky":false,"template":"","format":"standard","meta":{"_et_pb_use_builder":"off","_et_pb_old_content":"","_et_gb_content_width":"","_exactmetrics_skip_tracking":false,"_exactmetrics_sitenote_active":false,"_exactmetrics_sitenote_note":"","_exactmetrics_sitenote_category":0,"footnotes":""},"categories":[39],"tags":[],"class_list":["post-1801","post","type-post","status-publish","format-standard","has-post-thumbnail","hentry","category-actualidad-eu"],"_links":{"self":[{"href":"https:\/\/caes.coop\/eu\/wp-json\/wp\/v2\/posts\/1801","targetHints":{"allow":["GET"]}}],"collection":[{"href":"https:\/\/caes.coop\/eu\/wp-json\/wp\/v2\/posts"}],"about":[{"href":"https:\/\/caes.coop\/eu\/wp-json\/wp\/v2\/types\/post"}],"author":[{"embeddable":true,"href":"https:\/\/caes.coop\/eu\/wp-json\/wp\/v2\/users\/4"}],"replies":[{"embeddable":true,"href":"https:\/\/caes.coop\/eu\/wp-json\/wp\/v2\/comments?post=1801"}],"version-history":[{"count":1,"href":"https:\/\/caes.coop\/eu\/wp-json\/wp\/v2\/posts\/1801\/revisions"}],"predecessor-version":[{"id":1802,"href":"https:\/\/caes.coop\/eu\/wp-json\/wp\/v2\/posts\/1801\/revisions\/1802"}],"wp:featuredmedia":[{"embeddable":true,"href":"https:\/\/caes.coop\/eu\/wp-json\/wp\/v2\/media\/1784"}],"wp:attachment":[{"href":"https:\/\/caes.coop\/eu\/wp-json\/wp\/v2\/media?parent=1801"}],"wp:term":[{"taxonomy":"category","embeddable":true,"href":"https:\/\/caes.coop\/eu\/wp-json\/wp\/v2\/categories?post=1801"},{"taxonomy":"post_tag","embeddable":true,"href":"https:\/\/caes.coop\/eu\/wp-json\/wp\/v2\/tags?post=1801"}],"curies":[{"name":"wp","href":"https:\/\/api.w.org\/{rel}","templated":true}]}}