{"id":822,"date":"2021-07-20T15:27:00","date_gmt":"2021-07-20T13:27:00","guid":{"rendered":"https:\/\/caes.coop\/eu\/2021\/07\/20\/sostenibilidad-proyecto-y-compromiso\/"},"modified":"2023-06-07T13:55:38","modified_gmt":"2023-06-07T11:55:38","slug":"sostenibilidad-proyecto-y-compromiso","status":"publish","type":"post","link":"https:\/\/caes.coop\/eu\/2021\/07\/20\/sostenibilidad-proyecto-y-compromiso\/","title":{"rendered":"Sostenibilidad: proyecto y compromiso"},"content":{"rendered":"\n<figure class=\"wp-block-image size-full\"><img fetchpriority=\"high\" fetchpriority=\"high\" decoding=\"async\" width=\"1000\" height=\"500\" src=\"https:\/\/caes.coop\/wp-content\/uploads\/2023\/05\/casita.jpg\" alt=\"\" class=\"wp-image-794\" srcset=\"https:\/\/caes.coop\/wp-content\/uploads\/2023\/05\/casita.jpg 1000w, https:\/\/caes.coop\/wp-content\/uploads\/2023\/05\/casita-980x490.jpg 980w, https:\/\/caes.coop\/wp-content\/uploads\/2023\/05\/casita-480x240.jpg 480w\" sizes=\"(min-width: 0px) and (max-width: 480px) 480px, (min-width: 481px) and (max-width: 980px) 980px, (min-width: 981px) 1000px, 100vw\" \/><\/figure>\n\n\n\n<p>Hace unos meses, un medio de comunicaci\u00f3n especializado en seguros contact\u00f3 con <a rel=\"noreferrer noopener\" href=\"https:\/\/arc.coop\/\" target=\"_blank\">Ar\u00e7 Cooperativa<\/a>. Estaban preparando un reportaje sobre corredur\u00edas sostenibles y quer\u00edan entrevistar a <a href=\"https:\/\/arc.coop\/\">Ar\u00e7 Cooperativa<\/a> como una de las corredur\u00edas de seguros de referencia en materia de sostenibilidad.<\/p>\n\n\n\n<p>A ra\u00edz de este contacto, y de las reflexiones posteriores, nos surgi\u00f3 la necesidad de compartir algunas consideraciones desde una mirada cr\u00edtica y denunciar la pr\u00e1ctica del <em>greenwashing<\/em> en el mundo asegurador.<\/p>\n\n\n\n<p>Nuestra <strong>apuesta por la sostenibilidad<\/strong> forma parte del sistema de valores que integran una <strong>estrategia por la transformaci\u00f3n social, pol\u00edtica y econ\u00f3mica<\/strong>.<\/p>\n\n\n\n<p>La <strong>sostenibilidad<\/strong> es un marco de referencia de nuestra acci\u00f3n productiva, pero hay que entenderla en todas sus dimensiones. Por un lado, trabajamos por la <strong>sostenibilidad social<\/strong> a trav\u00e9s de la intercooperaci\u00f3n con movimientos sociales y entidades, promoviendo puestos de trabajo de calidad y mejorando las condiciones de convivencia de nuestro entorno social y cultural.<\/p>\n\n\n\n<p>Por otro lado, en la <strong>dimensi\u00f3n ambiental<\/strong>, estamos ajustando progresivamente el consumo de la cooperativa a las posibilidades de nuestro ecosistema. Apostamos por una reducci\u00f3n de nuestro impacto, especialmente aquel relacionado con el consumo de energ\u00eda, consumibles, comunicaciones y movilidad.<\/p>\n\n\n\n<p>Defendemos que la sostenibilidad desde una mirada amplia no es posible sin una <strong>transici\u00f3n ecosocial<\/strong> que situ\u00e9 las necesidades de las personas y los ecosistemas en el centro y que ponga la econom\u00eda al servicio del bien com\u00fan. La crisis ecol\u00f3gica es una consecuencia de un sistema extractivo basado en la ilusi\u00f3n de un crecimiento sin l\u00edmites en un sistema global limitado.<\/p>\n\n\n\n<h2 class=\"wp-block-heading\">Un compromiso que nos define<\/h2>\n\n\n\n<p>Una de las preguntas, y que desencaden\u00f3 parte de nuestra reflexi\u00f3n, fue en qu\u00e9 medida nuestro compromiso con la sostenibilidad ayuda a nuestro negocio. Y este es el quid de la cuesti\u00f3n.<\/p>\n\n\n\n<p>Desde CAES no nos planteamos de qu\u00e9 manera nuestra apuesta nos puede beneficiar como empresa. Como todas las entidades de la econom\u00eda social y solidaria, no entendemos nuestra actividad econ\u00f3mica si no est\u00e1 orientada a <strong>mejorar las condiciones de vida de las personas y las comunidades en un sistema sostenible.<\/strong><\/p>\n\n\n\n<p>Por este motivo, nuestra acci\u00f3n comercial no se centra en vender seguros de forma tradicional. Preferimos invitar a las personas, entidades y colectivos a formar parte de <strong>un proyecto transformador alineado con el movimiento de las finanzas \u00e9ticas<\/strong> desde la pr\u00e1ctica del <strong>consumo consciente<\/strong>.<\/p>\n\n\n\n<h2 class=\"wp-block-heading\">CAES y los ODS<\/h2>\n\n\n\n<p>La periodista tambi\u00e9n nos pregunt\u00f3 qu\u00e9 medidas hemos tomado para adaptarnos a los Objetivos de Desarrollo Sostenible (ODS) de la ONU. Esto nos hizo dar cuenta como muchas entidades han tenido que realizar cambios estructurales (o superficiales) para cumplir estos objetivos (o comunicar que lo hacen).<\/p>\n\n\n\n<p>Los <strong>elementos centrales de los ODS<\/strong> &#8211; la lucha contra la exclusi\u00f3n y contra la destrucci\u00f3n del h\u00e1bitat, el compromiso con la paz o la educaci\u00f3n y la generaci\u00f3n de trabajo y econom\u00eda sostenible &#8211; <strong>forman parte de nuestro proyecto<\/strong> desde nuestros inicios y se concretan d\u00eda a d\u00eda a trav\u00e9s de estrategias y pr\u00e1cticas socioempresariales.<\/p>\n\n\n\n<p>Cada a\u00f1o, <a href=\"https:\/\/www.arc.coop\" target=\"_blank\" rel=\"noreferrer noopener\">Ar\u00e7 Cooperativa<\/a> y <a href=\"https:\/\/www.seryes.com\/\" target=\"_blank\" rel=\"noreferrer noopener\">SERYES <\/a>elaboramos y publicamos el informe del <strong>Balance Social<\/strong> que gestiona e impulsa <a rel=\"noreferrer noopener\" href=\"https:\/\/www.reasred.org\/\" target=\"_blank\">REAS Red de Redes<\/a>. Esta <strong>auditor\u00eda valida las pr\u00e1cticas de las empresas <\/strong>en relaci\u00f3n con diferentes ejes como el funcionamiento econ\u00f3mico, la pol\u00edtica de lucro, la perspectiva de g\u00e9nero, la equidad y la democracia interna, la sostenibilidad ambiental, el compromiso social, la cooperaci\u00f3n y la calidad de los puestos de trabajo.<\/p>\n\n\n\n<p>Si los valores no se convierten en pr\u00e1cticas cotidianas, no saldr\u00e1n nunca de la ret\u00f3rica del comunicado, el <em>marketing<\/em> y la publicidad.<\/p>\n\n\n\n<p>Hoy por hoy, los ODS no dejan de ser una declaraci\u00f3n de intenciones para una sociedad en un sistema econ\u00f3mico a la deriva en el cual la vida est\u00e1 supeditada a los intereses del capital. Ahora bien, creemos que una c<strong>iudadan\u00eda responsable y cr\u00edtica puede ser exigente en la aplicaci\u00f3n<\/strong> de estos objetivos y rechazarlos como una pr\u00e1ctica de <em>greenwashing<\/em>.<\/p>\n\n\n\n<h2 class=\"wp-block-heading\">La sostenibilidad como manera de ser<\/h2>\n\n\n\n<p>Otra de las preguntas que nos hicieron reflexionar fue si es complicado ser una corredur\u00eda comprometida con la sostenibilidad. Al mismo tiempo, la periodista preguntaba como valoran nuestros clientes esta apuesta.<\/p>\n\n\n\n<p>Las corredur\u00edas que formamos parte del proyecto CAES nos basamos en una serie de valores y estamos orientadas a la generaci\u00f3n de excedentes econ\u00f3micos y sociales. Desde este punto de partida, <strong>no planteamos la sostenibilidad como una estrategia, sino como una manera de ser y actuar.<\/strong><\/p>\n\n\n\n<p>Para nosotras, lo realmente complicado es imaginar y desarrollar una organizaci\u00f3n democr\u00e1tica y un modelo empresarial alejado de los esquemas tradicionales. Queremos ser <strong>referentes en el sector financiero como empresas democr\u00e1ticas, \u00e9ticas y solidarias.<\/strong> Nos inspiran <strong>los valores hist\u00f3ricos del cooperativismo<\/strong> y las nuevas formas de organizaci\u00f3n de los <strong>movimientos sociales transformadores<\/strong>.<\/p>\n\n\n\n<p>Por todo esto, no queremos que nuestros clientes valoren una determinada apuesta por una serie de compromisos. El que buscamos es <strong>compartir la misma visi\u00f3n transformadora con nuestra base social.<\/strong><\/p>\n\n\n\n<p>Nos enorgullece afirmar que la mayor parte de nuestros clientes conf\u00edan en nosotras por nuestro compromiso. <strong><a href=\"https:\/\/caes.coop\/eu\/aseguru-etiko\/\">Impulsamos el seguro \u00e9tico y solidario<\/a>, <a href=\"https:\/\/caes.coop\/eu\/caes\/\">tejemos redes, creamos alianzas<\/a> y participamos activamente en plataformas y redes de la econom\u00eda social y solidaria.<\/strong><\/p>\n\n\n\n<p>En otras palabras, no necesitamos campa\u00f1as de lavado de imagen. Nuestra manera de hacer y actuar son la mejor campa\u00f1a para promover nuestros valores como cooperativa. Estamos orgullosas de poder afirmar que, a pesar de nuestras contradicciones y dificultades, defendemos unos valores que ponemos en pr\u00e1ctica en el d\u00eda a d\u00eda.<\/p>\n","protected":false},"excerpt":{"rendered":"<p>Hace unos meses, un medio de comunicaci\u00f3n especializado en seguros contact\u00f3 con Ar\u00e7 Cooperativa. Estaban preparando un reportaje sobre corredur\u00edas sostenibles y quer\u00edan entrevistar a Ar\u00e7 Cooperativa como una de las corredur\u00edas de seguros de referencia en materia de sostenibilidad. A ra\u00edz de este contacto, y de las reflexiones posteriores, nos surgi\u00f3 la necesidad de compartir algunas consideraciones desde una mirada cr\u00edtica y denunciar la pr\u00e1ctica del greenwashing en el mundo asegurador. Nuestra apuesta por la sostenibilidad forma parte del [&hellip;]<\/p>\n","protected":false},"author":4,"featured_media":795,"comment_status":"closed","ping_status":"closed","sticky":false,"template":"","format":"standard","meta":{"_et_pb_use_builder":"off","_et_pb_old_content":"","_et_gb_content_width":"","_exactmetrics_skip_tracking":false,"_exactmetrics_sitenote_active":false,"_exactmetrics_sitenote_note":"","_exactmetrics_sitenote_category":0,"footnotes":""},"categories":[76,30],"tags":[],"class_list":["post-822","post","type-post","status-publish","format-standard","has-post-thumbnail","hentry","category-finanzas-eticas-eu","category-seguros-eticos-eu"],"_links":{"self":[{"href":"https:\/\/caes.coop\/eu\/wp-json\/wp\/v2\/posts\/822","targetHints":{"allow":["GET"]}}],"collection":[{"href":"https:\/\/caes.coop\/eu\/wp-json\/wp\/v2\/posts"}],"about":[{"href":"https:\/\/caes.coop\/eu\/wp-json\/wp\/v2\/types\/post"}],"author":[{"embeddable":true,"href":"https:\/\/caes.coop\/eu\/wp-json\/wp\/v2\/users\/4"}],"replies":[{"embeddable":true,"href":"https:\/\/caes.coop\/eu\/wp-json\/wp\/v2\/comments?post=822"}],"version-history":[{"count":1,"href":"https:\/\/caes.coop\/eu\/wp-json\/wp\/v2\/posts\/822\/revisions"}],"predecessor-version":[{"id":831,"href":"https:\/\/caes.coop\/eu\/wp-json\/wp\/v2\/posts\/822\/revisions\/831"}],"wp:featuredmedia":[{"embeddable":true,"href":"https:\/\/caes.coop\/eu\/wp-json\/wp\/v2\/media\/795"}],"wp:attachment":[{"href":"https:\/\/caes.coop\/eu\/wp-json\/wp\/v2\/media?parent=822"}],"wp:term":[{"taxonomy":"category","embeddable":true,"href":"https:\/\/caes.coop\/eu\/wp-json\/wp\/v2\/categories?post=822"},{"taxonomy":"post_tag","embeddable":true,"href":"https:\/\/caes.coop\/eu\/wp-json\/wp\/v2\/tags?post=822"}],"curies":[{"name":"wp","href":"https:\/\/api.w.org\/{rel}","templated":true}]}}