{"id":828,"date":"2021-04-09T10:37:00","date_gmt":"2021-04-09T08:37:00","guid":{"rendered":"https:\/\/caes.coop\/eu\/2021\/04\/09\/la-crisis-la-empresa-ciudadana-y-el-seguro-etico\/"},"modified":"2023-06-07T13:56:07","modified_gmt":"2023-06-07T11:56:07","slug":"la-crisis-la-empresa-ciudadana-y-el-seguro-etico","status":"publish","type":"post","link":"https:\/\/caes.coop\/eu\/2021\/04\/09\/la-crisis-la-empresa-ciudadana-y-el-seguro-etico\/","title":{"rendered":"La crisis, la empresa ciudadana y el seguro \u00e9tico"},"content":{"rendered":"\n<figure class=\"wp-block-image size-full\"><img fetchpriority=\"high\" fetchpriority=\"high\" decoding=\"async\" width=\"1000\" height=\"500\" src=\"https:\/\/caes.coop\/wp-content\/uploads\/2023\/05\/empresa-ciudadana-web-caes.jpg\" alt=\"\" class=\"wp-image-785\" srcset=\"https:\/\/caes.coop\/wp-content\/uploads\/2023\/05\/empresa-ciudadana-web-caes.jpg 1000w, https:\/\/caes.coop\/wp-content\/uploads\/2023\/05\/empresa-ciudadana-web-caes-980x490.jpg 980w, https:\/\/caes.coop\/wp-content\/uploads\/2023\/05\/empresa-ciudadana-web-caes-480x240.jpg 480w\" sizes=\"(min-width: 0px) and (max-width: 480px) 480px, (min-width: 481px) and (max-width: 980px) 980px, (min-width: 981px) 1000px, 100vw\" \/><\/figure>\n\n\n\n<p class=\"has-text-align-center has-medium-font-size\"><strong>La empresa ciudadana, a trav\u00e9s de una rendici\u00f3n de cuentas que potencie una ciudadan\u00eda responsable, es una f\u00f3rmula que puede impulsar una econom\u00eda que avance hac\u00eda la sostenibilidad integral. En paralelo, el seguro \u00e9tico y solidario puede acercar las entidades operadoras del sector asegurador a las potencialidades transformadoras de la econom\u00eda social y solidaria y la empresa ciudadana.<\/strong><\/p>\n\n\n\n<p class=\"has-text-align-right\">Por Jordi Via i Llop, socio fundador de <a rel=\"noreferrer noopener\" href=\"https:\/\/www.arc.coop\" data-type=\"URL\" data-id=\"https:\/\/www.arc.coop\" target=\"_blank\">Ar\u00e7 Cooperativa<\/a> y miembro del patronato de la&nbsp;<a href=\"https:\/\/www.rocagales.cat\/\">Fundaci\u00f3 Roca i Gal\u00e8s<\/a> <\/p>\n\n\n\n<p>Cuando hablamos de crisis conviene dejar claro, como punto de partida, que, seg\u00fan mi opini\u00f3n, nos encontramos en una <strong>crisis estructural<\/strong> que se manifiesta de forma simult\u00e1nea en el <strong>\u00e1mbito financiero, energ\u00e9tico, ecol\u00f3gico, social y de valores<\/strong>. La crisis sanitaria ha dejado al descubierto y ha amplificado todav\u00eda m\u00e1s los desequilibrios econ\u00f3micos y sus efectos sociales y ecol\u00f3gicos.<\/p>\n\n\n\n<p>Por tanto, no se trata de una crisis puntual, es una crisis sist\u00e9mica. Una <strong>crisis sist\u00e9mica<\/strong> que impone la necesidad de experimentar y consolidar <strong>nuevas formas de entender la empresa y la econom\u00eda<\/strong>. Y para crear condiciones para salir de una crisis como esta no es aconsejable volver a situaciones anteriores ni en el sentido de fondo, ni en los objetivos o m\u00e9todos de trabajo.<\/p>\n\n\n\n<p>Tenemos que considerar la <strong>sostenibilidad integral<\/strong> (individual, social y ambiental) como un objetivo que debemos alcanzar como sociedad. Necesitamos reconvertir nuestras formas de producci\u00f3n y consumo. Por lo tanto, debemos entender que la econom\u00eda tiene que ser un subsistema supeditado a los sistemas sociales y ambientales y que avanzar hacia la sostenibilidad integral supone dar pasos adelante hacia la <strong>sostenibilidad de la vida<\/strong>.<\/p>\n\n\n\n<p>Para que la pr\u00e1ctica de la sostenibilidad integral avance es imprescindible la aceptaci\u00f3n por parte de las empresas del hecho que su existencia solo es posible gracias a la sociedad y al entorno de los que forman parte. Por este motivo, es fundamental que <strong>las empresas rindan cuentas mostrando de forma continuada su compromiso social y ambiental<\/strong>. En otras palabras, que dejen constancia de su comportamiento como <strong>empresa ciudadana.<\/strong><\/p>\n\n\n\n<h2 class=\"wp-block-heading\"><strong>La empresa ciudadana, una alternativa<\/strong><\/h2>\n\n\n\n<p>Potencialmente, <strong>la empresa ciudadana puede generar din\u00e1micas significativas de trasformaci\u00f3n socioecon\u00f3mica<\/strong>. En el plano conceptual, la empresa ciudadana supera la escalera de valores y el fundamento ideol\u00f3gico de la empresa mercantil convencional y pone en cuesti\u00f3n el hecho que esta sea considerada acr\u00edticamente como \u00fanico modelo a seguir. Cuando hablamos de empresas, estamos obligadas a plantearnos el tipo de empresa, c\u00f3mo est\u00e1n organizadas y al hecho que <strong>el sistema econ\u00f3mico y la actuaci\u00f3n de una empresa son las dos caras de una misa moneda.<\/strong><\/p>\n\n\n\n<p>La <strong>empresa ciudadana<\/strong>, en su despliegue pr\u00e1ctico, <strong>impulsa la innovaci\u00f3n estructuralmente transformadora en referencia a los productos y servicios <\/strong>que ofrece, las condiciones de producci\u00f3n, distribuci\u00f3n y comercializaci\u00f3n, las estrategias de m\u00e1rquetin y publicidad, la relaci\u00f3n con los clientes y proveedores y su impacto ambiental. &nbsp;Se trata de una concepci\u00f3n de la innovaci\u00f3n que supera un car\u00e1cter exclusivamente utilitarista que tiene en cuenta si atiende a necesidades \u201cno inducidas\u201d y a las consecuencias sociales y ambientales de su producci\u00f3n.<\/p>\n\n\n\n<p>Asumiendo la necesidad de facilitar una mejora estructural procurando una transformaci\u00f3n del \u00e1mbito social donde opera, la <strong>empresa ciudadana<\/strong> favorece la concienciaci\u00f3n de una ciudadan\u00eda activa en relaci\u00f3n con el consumo, la cooperaci\u00f3n, la reciprocidad y la solidaridad. En otras palabras, <strong>favorece al nacimiento y la consolidaci\u00f3n de una ciudadan\u00eda responsable.<\/strong><\/p>\n\n\n\n<p>Al mismo tiempo, incorpora la noci\u00f3n de viabilidad en t\u00e9rminos de viabilidad socioecon\u00f3mica, apoyada en objetivos a medio y largo plazo de tipo no especulativo. <strong>La empresa ciudadana contribuye a organizar y desarrollar circuitos econ\u00f3micos completos de acuerdo con l\u00f3gicas diferentes de las hegem\u00f3nicas en el mercado actual<\/strong> (como el mercado social) y que vinculan la producci\u00f3n sostenible de bienes y servicios con el consumo responsable.<\/p>\n\n\n\n<h2 class=\"wp-block-heading\"><strong>La empresa ciudadana, una palanca del seguro \u00e9tico<\/strong><\/h2>\n\n\n\n<p><a href=\"http:\/\/caes.coop\/seguro-etico\/\" target=\"_blank\" rel=\"noreferrer noopener\">El seguro \u00e9tico y solidario<\/a> y <a href=\"https:\/\/ethsi.net\/\" target=\"_blank\" rel=\"noreferrer noopener\">la certificaci\u00f3n EthSI<\/a> <strong>son herramientas necesarias<\/strong> que, al promover la recuperaci\u00f3n del sentido mutual de los seguros, una pol\u00edtica de inversiones social y ambientalmente responsable y una gesti\u00f3n participada y equitativa, <strong>pueden acercar las entidades operadoras del sector asegurador a las potencialidades de la econom\u00eda social y solidaria y de la empresa ciudadana.<\/strong><\/p>\n\n\n\n<p>Por todos estos motivos, <strong>el seguro \u00e9tico y solidario<\/strong> toma sentido como una parte de la soluci\u00f3n para salir de la crisis estructural ayudando a <strong>impulsar la construcci\u00f3n y consolidaci\u00f3n de una econom\u00eda que sit\u00fae las personas y la vida en el centro.<\/strong><\/p>\n","protected":false},"excerpt":{"rendered":"<p>La empresa ciudadana, a trav\u00e9s de una rendici\u00f3n de cuentas que potencie una ciudadan\u00eda responsable, es una f\u00f3rmula que puede impulsar una econom\u00eda que avance hac\u00eda la sostenibilidad integral. En paralelo, el seguro \u00e9tico y solidario puede acercar las entidades operadoras del sector asegurador a las potencialidades transformadoras de la econom\u00eda social y solidaria y la empresa ciudadana. Por Jordi Via i Llop, socio fundador de Ar\u00e7 Cooperativa y miembro del patronato de la&nbsp;Fundaci\u00f3 Roca i Gal\u00e8s Cuando hablamos de [&hellip;]<\/p>\n","protected":false},"author":4,"featured_media":786,"comment_status":"closed","ping_status":"closed","sticky":false,"template":"","format":"standard","meta":{"_et_pb_use_builder":"off","_et_pb_old_content":"","_et_gb_content_width":"","_exactmetrics_skip_tracking":false,"_exactmetrics_sitenote_active":false,"_exactmetrics_sitenote_note":"","_exactmetrics_sitenote_category":0,"footnotes":""},"categories":[76,30],"tags":[],"class_list":["post-828","post","type-post","status-publish","format-standard","has-post-thumbnail","hentry","category-finanzas-eticas-eu","category-seguros-eticos-eu"],"_links":{"self":[{"href":"https:\/\/caes.coop\/eu\/wp-json\/wp\/v2\/posts\/828","targetHints":{"allow":["GET"]}}],"collection":[{"href":"https:\/\/caes.coop\/eu\/wp-json\/wp\/v2\/posts"}],"about":[{"href":"https:\/\/caes.coop\/eu\/wp-json\/wp\/v2\/types\/post"}],"author":[{"embeddable":true,"href":"https:\/\/caes.coop\/eu\/wp-json\/wp\/v2\/users\/4"}],"replies":[{"embeddable":true,"href":"https:\/\/caes.coop\/eu\/wp-json\/wp\/v2\/comments?post=828"}],"version-history":[{"count":1,"href":"https:\/\/caes.coop\/eu\/wp-json\/wp\/v2\/posts\/828\/revisions"}],"predecessor-version":[{"id":834,"href":"https:\/\/caes.coop\/eu\/wp-json\/wp\/v2\/posts\/828\/revisions\/834"}],"wp:featuredmedia":[{"embeddable":true,"href":"https:\/\/caes.coop\/eu\/wp-json\/wp\/v2\/media\/786"}],"wp:attachment":[{"href":"https:\/\/caes.coop\/eu\/wp-json\/wp\/v2\/media?parent=828"}],"wp:term":[{"taxonomy":"category","embeddable":true,"href":"https:\/\/caes.coop\/eu\/wp-json\/wp\/v2\/categories?post=828"},{"taxonomy":"post_tag","embeddable":true,"href":"https:\/\/caes.coop\/eu\/wp-json\/wp\/v2\/tags?post=828"}],"curies":[{"name":"wp","href":"https:\/\/api.w.org\/{rel}","templated":true}]}}