{"id":952,"date":"2022-06-22T13:05:00","date_gmt":"2022-06-22T11:05:00","guid":{"rendered":"https:\/\/caes.coop\/eu\/2022\/06\/22\/se-presenta-una-nueva-edicion-de-la-carta-de-principios-de-la-economia-solidaria\/"},"modified":"2023-06-08T12:20:21","modified_gmt":"2023-06-08T10:20:21","slug":"se-presenta-una-nueva-edicion-de-la-carta-de-principios-de-la-economia-solidaria","status":"publish","type":"post","link":"https:\/\/caes.coop\/eu\/2022\/06\/22\/se-presenta-una-nueva-edicion-de-la-carta-de-principios-de-la-economia-solidaria\/","title":{"rendered":"Se presenta una nueva edici\u00f3n de la Carta de Principios de la Econom\u00eda Solidaria"},"content":{"rendered":"\n<figure class=\"wp-block-image size-large\"><img fetchpriority=\"high\" fetchpriority=\"high\" decoding=\"async\" width=\"1024\" height=\"576\" src=\"https:\/\/caes.coop\/wp-content\/uploads\/2023\/06\/principios-edited-1024x576.webp\" alt=\"\" class=\"wp-image-942\" srcset=\"https:\/\/caes.coop\/wp-content\/uploads\/2023\/06\/principios-edited-1024x576.webp 1024w, https:\/\/caes.coop\/wp-content\/uploads\/2023\/06\/principios-edited-980x551.webp 980w, https:\/\/caes.coop\/wp-content\/uploads\/2023\/06\/principios-edited-480x270.webp 480w\" sizes=\"(min-width: 0px) and (max-width: 480px) 480px, (min-width: 481px) and (max-width: 980px) 980px, (min-width: 981px) 1024px, 100vw\" \/><\/figure>\n\n\n\n<p class=\"has-medium-font-size\"><strong>La 15\u00aa edici\u00f3n de IDEARIA reuni\u00f3 a m\u00e1s de 200 entidades y personas con el objetivo de renovar sus principios y profundizar en los compromisos de cooperaci\u00f3n<\/strong><\/p>\n\n\n\n<p>Del 17 al 19 de junio pasado, Madrid acogi\u00f3 la 15\u00aa edici\u00f3n de <a href=\"https:\/\/www.economiasolidaria.org\/ca\/idearia-2022\/\"><strong>IDEARIA<\/strong><\/a>, el encuentro estatal de la econom\u00eda alternativa y solidaria organizado por <a href=\"https:\/\/reas.red\/ca\/\"><strong>REAS Red de Redes<\/strong><\/a>, la red estatal de la ESS, y por el <strong><a href=\"https:\/\/madrid.mercadosocial.net\/\">mercado social de Madrid<\/a><\/strong>. CAES  participamos en este evento como entidad patrocinadora.<strong>&nbsp;<\/strong><\/p>\n\n\n\n<p>En este encuentro tuvimos la ocasi\u00f3n de conocer la nueva edici\u00f3n de la <strong><a href=\"https:\/\/www.economiasolidaria.org\/ca\/carta-de-principios-de-la-economia-solidaria\/\">Carta de Principios de la Econom\u00eda Solidaria<\/a><\/strong>, que ha implicado un trabajo de debate y revisi\u00f3n colectivo de casi dos a\u00f1os, tomando como punto de partida la \u00faltima versi\u00f3n de 2011. La nueva Carta incorpora una mirada m\u00e1s feminista y ecologista. Este documento presenta los valores que, para REAS Red de Redes, caracterizan la econom\u00eda solidaria. Asimismo, recoge los seis principios rectores de las acciones de la ESS: <strong>equidad, trabajo digno, cooperaci\u00f3n, sostenibilidad ecol\u00f3gica, reparto justo de la riqueza y compromiso con el entorno.<\/strong><\/p>\n\n\n\n<p>Desde CAES os animamos a incorporar estos valores a vuestra actividad social y econ\u00f3mica para generar espacios y relaciones socioecon\u00f3micas m\u00e1s plurales y diversas. De este modo, podremos afrontar los retos ecosociales que tenemos por delante.&nbsp; <a href=\"https:\/\/www.economiasolidaria.org\/wp-content\/uploads\/2022\/06\/Carta_de_la_Econom%C3%ADa_Solidaria_2022_cast.pdf\">Aqu\u00ed<\/a> pod\u00e9is consultar el documento completo.<\/p>\n\n\n\n<p><\/p>\n\n\n\n<figure class=\"wp-block-image aligncenter\"><img decoding=\"async\" src=\"https:\/\/arc.coop\/wp-content\/uploads\/2022\/07\/DSC_3445-1-scaled-elR3tw-980x653-1.jpeg\" alt=\"Idearia 2022\" class=\"wp-image-187577\"\/><\/figure>\n","protected":false},"excerpt":{"rendered":"<p>La 15\u00aa edici\u00f3n de IDEARIA reuni\u00f3 a m\u00e1s de 200 entidades y personas con el objetivo de renovar sus principios y profundizar en los compromisos de cooperaci\u00f3n Del 17 al 19 de junio pasado, Madrid acogi\u00f3 la 15\u00aa edici\u00f3n de IDEARIA, el encuentro estatal de la econom\u00eda alternativa y solidaria organizado por REAS Red de Redes, la red estatal de la ESS, y por el mercado social de Madrid. CAES participamos en este evento como entidad patrocinadora.&nbsp; En este encuentro [&hellip;]<\/p>\n","protected":false},"author":4,"featured_media":943,"comment_status":"closed","ping_status":"closed","sticky":false,"template":"","format":"standard","meta":{"_et_pb_use_builder":"off","_et_pb_old_content":"","_et_gb_content_width":"","_exactmetrics_skip_tracking":false,"_exactmetrics_sitenote_active":false,"_exactmetrics_sitenote_note":"","_exactmetrics_sitenote_category":0,"footnotes":""},"categories":[39],"tags":[121,125,127,40],"class_list":["post-952","post","type-post","status-publish","format-standard","has-post-thumbnail","hentry","category-actualidad-eu","tag-economia-social-y-solidaria-eu","tag-economia-solidaria-eu","tag-ess-eu","tag-reas-eu"],"_links":{"self":[{"href":"https:\/\/caes.coop\/eu\/wp-json\/wp\/v2\/posts\/952","targetHints":{"allow":["GET"]}}],"collection":[{"href":"https:\/\/caes.coop\/eu\/wp-json\/wp\/v2\/posts"}],"about":[{"href":"https:\/\/caes.coop\/eu\/wp-json\/wp\/v2\/types\/post"}],"author":[{"embeddable":true,"href":"https:\/\/caes.coop\/eu\/wp-json\/wp\/v2\/users\/4"}],"replies":[{"embeddable":true,"href":"https:\/\/caes.coop\/eu\/wp-json\/wp\/v2\/comments?post=952"}],"version-history":[{"count":3,"href":"https:\/\/caes.coop\/eu\/wp-json\/wp\/v2\/posts\/952\/revisions"}],"predecessor-version":[{"id":1065,"href":"https:\/\/caes.coop\/eu\/wp-json\/wp\/v2\/posts\/952\/revisions\/1065"}],"wp:featuredmedia":[{"embeddable":true,"href":"https:\/\/caes.coop\/eu\/wp-json\/wp\/v2\/media\/943"}],"wp:attachment":[{"href":"https:\/\/caes.coop\/eu\/wp-json\/wp\/v2\/media?parent=952"}],"wp:term":[{"taxonomy":"category","embeddable":true,"href":"https:\/\/caes.coop\/eu\/wp-json\/wp\/v2\/categories?post=952"},{"taxonomy":"post_tag","embeddable":true,"href":"https:\/\/caes.coop\/eu\/wp-json\/wp\/v2\/tags?post=952"}],"curies":[{"name":"wp","href":"https:\/\/api.w.org\/{rel}","templated":true}]}}